{"id":245372,"date":"2024-05-06T15:38:02","date_gmt":"2024-05-06T15:38:02","guid":{"rendered":"https:\/\/ami.mr\/fr\/?p=245372"},"modified":"2024-05-06T15:53:56","modified_gmt":"2024-05-06T15:53:56","slug":"assaba-la-commissaire-a-la-securite-alimentaire-fait-le-bilan-de-son-institution","status":"publish","type":"post","link":"https:\/\/ami.mr\/fr\/archives\/245372","title":{"rendered":"Assaba : la Commissaire \u00e0 la S\u00e9curit\u00e9 Alimentaire fait le bilan de son institution"},"content":{"rendered":"<p>La commissaire \u00e0 la S\u00e9curit\u00e9 Alimentaire, Fatimetou mint Mahfoudh Ould Khatri, a tenu, lundi \u00e0 Kiffa, une r\u00e9union avec les autorit\u00e9s administratives et les \u00e9lus au niveau de la Wilaya, en pr\u00e9sence du wali, M. Abderrahmane Ould El Hassen.<\/p>\n<p>Au cours de la rencontre, la commissaire a inform\u00e9 les \u00e9lus des r\u00e9sultats de l\u2019action du Commissariat au cours des derni\u00e8res ann\u00e9es en concr\u00e9tisation des engagements pris par le Pr\u00e9sident de la R\u00e9publique Monsieur Mohamed Ould Cheikh El Ghazouani, mettant en exergue, en chiffres, les r\u00e9sultats des programmes sociaux mis en \u0153uvre par le Commissariat au niveau de la Wilaya et le d\u00e9veloppement significatif de ces programmes en termes de nombre de b\u00e9n\u00e9ficiaires et de qualit\u00e9 des programmes mis en \u0153uvre.<\/p>\n<p>La commissaire a ajout\u00e9 que l&#8217;investissement significatif dans le domaine social et dans le soutien aux classes vuln\u00e9rables est l&#8217;une des caract\u00e9ristiques les plus importantes du mandat actuel de Son Excellence, le Pr\u00e9sident de la R\u00e9publique, qui consid\u00e8re la dimension sociale comme l&#8217;\u00e9l\u00e9ment le plus important de son programme \u00e9lectoral \u2018\u2019TAAHOUDATI\u2019\u2019.<\/p>\n<p>Elle a ajout\u00e9 que la dimension prospective, la vision strat\u00e9gique et le travail participatif et coordonn\u00e9 entre les diff\u00e9rentes parties prenantes sont les caract\u00e9ristiques les plus importantes des interventions sociales du Commissariat au cours des derni\u00e8res ann\u00e9es, gr\u00e2ce aux r\u00e9sultats du m\u00e9canisme national de pr\u00e9vention et de r\u00e9ponse aux crises alimentaires, cr\u00e9\u00e9 en 2021 coordonner le travail des diff\u00e9rentes agences gouvernementales impliqu\u00e9es dans la s\u00e9curit\u00e9 alimentaire et les interventions d&#8217;urgence mises en \u0153uvre dans ce contexte.<\/p>\n<p>Dans le cadre du renforcement des infrastructures du Commissariat, elle a indiqu\u00e9 que la Wilaya de l&#8217;Assaba a b\u00e9n\u00e9fici\u00e9 de nouvelles installations de stockage \u00e0 Kiffa, Bark\u00e9ol et Kankoussa, soulignant que la politique de stockage d\u00e9centralis\u00e9 a fait de Kiffa un centre avanc\u00e9 du Commissariat, o\u00f9 la construction d&#8217;un nouvel entrep\u00f4t d&#8217;une capacit\u00e9 de 30 000 tonnes, dont les travaux ont \u00e9t\u00e9 achev\u00e9s et qui sera inaugur\u00e9 par SE le Pr\u00e9sident de la R\u00e9publique, en fera un point de stockage central r\u00e9pondant aux besoins des moughataas de l&#8217;est et du centre du pays.<\/p>\n<p>\u2018\u2019Ces installations sont mises en \u0153uvre dans le cadre d&#8217;un programme global de renforcement de la capacit\u00e9 de stockage du pays, qui pr\u00e9voit la construction de 33 nouveaux entrep\u00f4ts dans toutes les moughataas, avec une capacit\u00e9 de stockage d&#8217;environ 135 000 tonnes, augmentant ainsi de 107 % la capacit\u00e9 de stockage du Commissariat\u2019\u2019, a-t-elle ajout\u00e9.<\/p>\n<p>Le vice-pr\u00e9sident de la r\u00e9gion d&#8217;Assaba et les maires ont appr\u00e9ci\u00e9 les efforts du Commissariat et ses programmes mis en \u0153uvre au profit des citoyens, exprimant leur satisfaction desdits programmes et de leur impact positif sur les conditions de vie des citoyens.<\/p>\n<p>Des maires ont, \u00e9galement, fait part de leurs observations sur les programmes mis en \u0153uvre et ont formul\u00e9 des suggestions pour contribuer \u00e0 l&#8217;am\u00e9lioration de la mise en \u0153uvre de ces importants programmes sociaux.<\/p>\n<p>Dans sa r\u00e9ponse aux interventions des \u00e9lus, la Commissaire leur a exprim\u00e9 ses remerciements, appr\u00e9ciant leurs commentaires et s&#8217;engageant \u00e0 prendre en consid\u00e9ration leurs suggestions, \u00e0 am\u00e9liorer les m\u00e9canismes de mise en \u0153uvre des programmes et \u00e0 les d\u00e9velopper \u00e0 l&#8217;avenir.<\/p>\n<p>La r\u00e9union s&#8217;est d\u00e9roul\u00e9e en pr\u00e9sence du hakem de Kiffa, M. Mohamed El Hussein Adji\u00e9, du maire de la commune, M. Jemal Ould Keboud, des autorit\u00e9s s\u00e9curitaires et du personnel du Commissariat \u00e0 la S\u00e9curit\u00e9 Alimentaire.<\/p>\n","protected":false},"excerpt":{"rendered":"<p>La commissaire \u00e0 la S\u00e9curit\u00e9 Alimentaire, Fatimetou mint Mahfoudh Ould Khatri, a tenu, lundi \u00e0 Kiffa, une r\u00e9union avec les autorit\u00e9s administratives et les \u00e9lus au niveau de la Wilaya, en pr\u00e9sence du wali, M. Abderrahmane Ould El Hassen. Au cours de la rencontre, la commissaire a inform\u00e9 les \u00e9lus des r\u00e9sultats de l\u2019action du [&hellip;]<\/p>\n","protected":false},"author":17,"featured_media":245373,"comment_status":"open","ping_status":"open","sticky":false,"template":"","format":"standard","meta":{"footnotes":""},"categories":[63920,63957,63923,8672],"tags":[],"class_list":["post-245372","post","type-post","status-publish","format-standard","has-post-thumbnail","hentry","category-a-la-une","category-fil-dactualite","category-slider-wilayas","category-8672"],"_links":{"self":[{"href":"https:\/\/ami.mr\/fr\/wp-json\/wp\/v2\/posts\/245372","targetHints":{"allow":["GET"]}}],"collection":[{"href":"https:\/\/ami.mr\/fr\/wp-json\/wp\/v2\/posts"}],"about":[{"href":"https:\/\/ami.mr\/fr\/wp-json\/wp\/v2\/types\/post"}],"author":[{"embeddable":true,"href":"https:\/\/ami.mr\/fr\/wp-json\/wp\/v2\/users\/17"}],"replies":[{"embeddable":true,"href":"https:\/\/ami.mr\/fr\/wp-json\/wp\/v2\/comments?post=245372"}],"version-history":[{"count":1,"href":"https:\/\/ami.mr\/fr\/wp-json\/wp\/v2\/posts\/245372\/revisions"}],"predecessor-version":[{"id":245374,"href":"https:\/\/ami.mr\/fr\/wp-json\/wp\/v2\/posts\/245372\/revisions\/245374"}],"wp:featuredmedia":[{"embeddable":true,"href":"https:\/\/ami.mr\/fr\/wp-json\/wp\/v2\/media\/245373"}],"wp:attachment":[{"href":"https:\/\/ami.mr\/fr\/wp-json\/wp\/v2\/media?parent=245372"}],"wp:term":[{"taxonomy":"category","embeddable":true,"href":"https:\/\/ami.mr\/fr\/wp-json\/wp\/v2\/categories?post=245372"},{"taxonomy":"post_tag","embeddable":true,"href":"https:\/\/ami.mr\/fr\/wp-json\/wp\/v2\/tags?post=245372"}],"curies":[{"name":"wp","href":"https:\/\/api.w.org\/{rel}","templated":true}]}}