{"id":245348,"date":"2024-05-06T13:31:24","date_gmt":"2024-05-06T13:31:24","guid":{"rendered":"https:\/\/ami.mr\/fr\/?p=245348"},"modified":"2024-05-06T13:31:24","modified_gmt":"2024-05-06T13:31:24","slug":"atelier-de-lancement-du-projet-de-creation-dinstituts-regionaux-denseignement-superieur","status":"publish","type":"post","link":"https:\/\/ami.mr\/fr\/archives\/245348","title":{"rendered":"Atelier de lancement du projet de cr\u00e9ation d&#8217;instituts r\u00e9gionaux d&#8217;enseignement sup\u00e9rieur"},"content":{"rendered":"<div class=\"cell auto-size\">\n<div class=\"set-border bd-gray padding10 margin10 no-margin-right no-margin-left \" dir=\"ltr\">\n<p>Le minist\u00e8re de l&#8217;Economie et du D\u00e9veloppement Durable a ouvert, lundi \u00e0 Nouakchott, un atelier de lancement du projet de cr\u00e9ation d&#8217;instituts r\u00e9gionaux d&#8217;enseignement sup\u00e9rieur en Mauritanie, cofinanc\u00e9 par la Banque Islamique de D\u00e9veloppement (BID) et l&#8217;Etat mauritanien.<\/p>\n<p>Le projet vise \u00e0 cr\u00e9er deux institutions : l&#8217;Ecole Sup\u00e9rieure des Sciences Agricoles \u00e0 Ka\u00e9di et l&#8217;Ecole Sup\u00e9rieure des Sciences V\u00e9t\u00e9rinaires \u00e0 Nema.<\/p>\n<p>Dans une allocution prononc\u00e9e \u00e0 cette occasion, le secr\u00e9taire g\u00e9n\u00e9ral du minist\u00e8re de l&#8217;Economie et du D\u00e9veloppement Durable, M. Yacoub Ahmed Aicha, a indiqu\u00e9 que le projet contribuera \u00e0 la cr\u00e9ation de deux \u00e9tablissements d&#8217;enseignement sup\u00e9rieur d&#8217;importance strat\u00e9gique dans le cadre de la r\u00e9alisation du d\u00e9veloppement durable, soulignant que la mise en \u0153uvre du projet constitue une \u00e9tape importante dans le d\u00e9veloppement du secteur de l&#8217;\u00e9ducation.<\/p>\n<p>Il a remerci\u00e9 la BID de sa pr\u00e9cieuse contribution \u00e0 la mise en \u0153uvre du programme national de d\u00e9veloppement du secteur de l&#8217;\u00e9ducation, en soutenant la r\u00e9forme et le d\u00e9veloppement du syst\u00e8me \u00e9ducatif, en particulier, ainsi que son soutien ferme et continu au d\u00e9veloppement socio-\u00e9conomique du pays, en g\u00e9n\u00e9ral.<\/p>\n<p>De son c\u00f4t\u00e9, le chef du panel des op\u00e9rations des projets d&#8217;infrastructure de la BID, M. Mohamed El Ousti, a indiqu\u00e9 que cet atelier s&#8217;inscrit dans le cadre de l&#8217;appui \u00e0 l&#8217;\u00e9ducation en Mauritanie.<\/p>\n<p>Il a pr\u00e9cis\u00e9 que l\u2019atelier vise \u00e0 pr\u00e9senter les composantes du projet, \u00e0 familiariser les parties prenantes aux proc\u00e9dures li\u00e9es \u00e0 sa mise en \u0153uvre, \u00e0 pr\u00e9parer un plan d\u00e9taill\u00e9 et \u00e0 pr\u00e9senter les proc\u00e9dures adopt\u00e9es par la Banque.<\/p>\n<\/div>\n<\/div>\n","protected":false},"excerpt":{"rendered":"<p>Le minist\u00e8re de l&#8217;Economie et du D\u00e9veloppement Durable a ouvert, lundi \u00e0 Nouakchott, un atelier de lancement du projet de cr\u00e9ation d&#8217;instituts r\u00e9gionaux d&#8217;enseignement sup\u00e9rieur en Mauritanie, cofinanc\u00e9 par la Banque Islamique de D\u00e9veloppement (BID) et l&#8217;Etat mauritanien. Le projet vise \u00e0 cr\u00e9er deux institutions : l&#8217;Ecole Sup\u00e9rieure des Sciences Agricoles \u00e0 Ka\u00e9di et l&#8217;Ecole [&hellip;]<\/p>\n","protected":false},"author":17,"featured_media":245349,"comment_status":"open","ping_status":"open","sticky":false,"template":"","format":"standard","meta":{"footnotes":""},"categories":[63918,63957,63959],"tags":[],"class_list":["post-245348","post","type-post","status-publish","format-standard","has-post-thumbnail","hentry","category-autres","category-fil-dactualite","category-mauritanie"],"_links":{"self":[{"href":"https:\/\/ami.mr\/fr\/wp-json\/wp\/v2\/posts\/245348","targetHints":{"allow":["GET"]}}],"collection":[{"href":"https:\/\/ami.mr\/fr\/wp-json\/wp\/v2\/posts"}],"about":[{"href":"https:\/\/ami.mr\/fr\/wp-json\/wp\/v2\/types\/post"}],"author":[{"embeddable":true,"href":"https:\/\/ami.mr\/fr\/wp-json\/wp\/v2\/users\/17"}],"replies":[{"embeddable":true,"href":"https:\/\/ami.mr\/fr\/wp-json\/wp\/v2\/comments?post=245348"}],"version-history":[{"count":1,"href":"https:\/\/ami.mr\/fr\/wp-json\/wp\/v2\/posts\/245348\/revisions"}],"predecessor-version":[{"id":245350,"href":"https:\/\/ami.mr\/fr\/wp-json\/wp\/v2\/posts\/245348\/revisions\/245350"}],"wp:featuredmedia":[{"embeddable":true,"href":"https:\/\/ami.mr\/fr\/wp-json\/wp\/v2\/media\/245349"}],"wp:attachment":[{"href":"https:\/\/ami.mr\/fr\/wp-json\/wp\/v2\/media?parent=245348"}],"wp:term":[{"taxonomy":"category","embeddable":true,"href":"https:\/\/ami.mr\/fr\/wp-json\/wp\/v2\/categories?post=245348"},{"taxonomy":"post_tag","embeddable":true,"href":"https:\/\/ami.mr\/fr\/wp-json\/wp\/v2\/tags?post=245348"}],"curies":[{"name":"wp","href":"https:\/\/api.w.org\/{rel}","templated":true}]}}