{"id":245270,"date":"2024-05-04T20:47:29","date_gmt":"2024-05-04T20:47:29","guid":{"rendered":"https:\/\/ami.mr\/fr\/?p=245270"},"modified":"2024-05-04T20:47:29","modified_gmt":"2024-05-04T20:47:29","slug":"le-president-de-la-republique-president-de-lunion-africaine-rencontre-le-secretaire-general-de-loci","status":"publish","type":"post","link":"https:\/\/ami.mr\/fr\/archives\/245270","title":{"rendered":"Le pr\u00e9sident de la R\u00e9publique, pr\u00e9sident de l&#8217;Union africaine rencontre le secr\u00e9taire g\u00e9n\u00e9ral de l&#8217;OCI"},"content":{"rendered":"<div class=\"cell size-p10 padding20 no-padding-left no-padding-right no-padding-bottom\">Son Excellence le pr\u00e9sident de la R\u00e9publique, pr\u00e9sident de l&#8217;Union africaine, M. Mohamed Ould Cheikh El-Ghazouani, a rencontr\u00e9, samedi, dans la capitale gambienne, Banjul, en marge de la 15e session de la Conf\u00e9rence islamique au sommet, M. Houssein Ibrahim Taha, secr\u00e9taire g\u00e9n\u00e9ral de l&#8217;Organisation de la coop\u00e9ration islamique (OCI).<\/div>\n<div class=\"cell auto-size\">\n<div class=\"set-border bd-gray padding10 margin10 no-margin-right no-margin-left \" dir=\"ltr\">\n<p>La r\u00e9union a port\u00e9 sur les relations de coop\u00e9ration entre notre pays et l&#8217;OCI et les moyens de les d\u00e9velopper davantage, ainsi que sur certaines questions islamiques et internationales \u00e0 l&#8217;ordre du jour du sommet de Banjul.<\/p>\n<p>La r\u00e9union s&#8217;est d\u00e9roul\u00e9e en pr\u00e9sence de M. Moctar Ould Diay, ministre charg\u00e9 du cabinet du Pr\u00e9sidence de la R\u00e9publique, et de M. Mohamed Salem Ould Merzoug, ministre des Affaires \u00e9trang\u00e8res, de la Coop\u00e9ration et des Mauritaniens de l&#8217;ext\u00e9rieur.<\/p>\n<\/div>\n<\/div>\n","protected":false},"excerpt":{"rendered":"<p>Son Excellence le pr\u00e9sident de la R\u00e9publique, pr\u00e9sident de l&#8217;Union africaine, M. Mohamed Ould Cheikh El-Ghazouani, a rencontr\u00e9, samedi, dans la capitale gambienne, Banjul, en marge de la 15e session de la Conf\u00e9rence islamique au sommet, M. Houssein Ibrahim Taha, secr\u00e9taire g\u00e9n\u00e9ral de l&#8217;Organisation de la coop\u00e9ration islamique (OCI). La r\u00e9union a port\u00e9 sur les [&hellip;]<\/p>\n","protected":false},"author":5,"featured_media":245271,"comment_status":"open","ping_status":"open","sticky":false,"template":"","format":"standard","meta":{"footnotes":""},"categories":[63957,25,63921,63926],"tags":[],"class_list":["post-245270","post","type-post","status-publish","format-standard","has-post-thumbnail","hentry","category-fil-dactualite","category-25","category-slider-afficher","category-slider-general"],"_links":{"self":[{"href":"https:\/\/ami.mr\/fr\/wp-json\/wp\/v2\/posts\/245270","targetHints":{"allow":["GET"]}}],"collection":[{"href":"https:\/\/ami.mr\/fr\/wp-json\/wp\/v2\/posts"}],"about":[{"href":"https:\/\/ami.mr\/fr\/wp-json\/wp\/v2\/types\/post"}],"author":[{"embeddable":true,"href":"https:\/\/ami.mr\/fr\/wp-json\/wp\/v2\/users\/5"}],"replies":[{"embeddable":true,"href":"https:\/\/ami.mr\/fr\/wp-json\/wp\/v2\/comments?post=245270"}],"version-history":[{"count":1,"href":"https:\/\/ami.mr\/fr\/wp-json\/wp\/v2\/posts\/245270\/revisions"}],"predecessor-version":[{"id":245272,"href":"https:\/\/ami.mr\/fr\/wp-json\/wp\/v2\/posts\/245270\/revisions\/245272"}],"wp:featuredmedia":[{"embeddable":true,"href":"https:\/\/ami.mr\/fr\/wp-json\/wp\/v2\/media\/245271"}],"wp:attachment":[{"href":"https:\/\/ami.mr\/fr\/wp-json\/wp\/v2\/media?parent=245270"}],"wp:term":[{"taxonomy":"category","embeddable":true,"href":"https:\/\/ami.mr\/fr\/wp-json\/wp\/v2\/categories?post=245270"},{"taxonomy":"post_tag","embeddable":true,"href":"https:\/\/ami.mr\/fr\/wp-json\/wp\/v2\/tags?post=245270"}],"curies":[{"name":"wp","href":"https:\/\/api.w.org\/{rel}","templated":true}]}}