{"id":245267,"date":"2024-05-04T20:43:16","date_gmt":"2024-05-04T20:43:16","guid":{"rendered":"https:\/\/ami.mr\/fr\/?p=245267"},"modified":"2024-05-04T20:43:16","modified_gmt":"2024-05-04T20:43:16","slug":"atelier-de-formation-sur-la-liberte-de-la-presse-a-lere-de-lintegration-numerique-et-de-lintelligence-artificielle","status":"publish","type":"post","link":"https:\/\/ami.mr\/fr\/archives\/245267","title":{"rendered":"Atelier de formation sur la libert\u00e9 de la presse \u00e0 l&#8217;\u00e8re de l&#8217;int\u00e9gration num\u00e9rique et de l\u2019intelligence artificielle"},"content":{"rendered":"<p>Le Centre mauritanien d\u2019\u00e9tudes strat\u00e9giques, de d\u00e9veloppement durable et de prospective a organis\u00e9, samedi, \u00e0 Nouakchott, un atelier de formation sur la libert\u00e9 de la presse \u00e0 l&#8217;\u00e8re de l&#8217;int\u00e9gration num\u00e9rique et de l&#8217;intelligence artificielle.<\/p>\n<p>S&#8217;exprimant \u00e0 l&#8217;ouverture de cette session, M. Mohamed Lemine Ould Ivekou, charg\u00e9 de missions au minist\u00e8re de la culture, de la jeunesse, des sports et des relations avec le parlement, s&#8217;est f\u00e9licit\u00e9 de la reconnaissance, au plan international, par des instances sp\u00e9cialis\u00e9es dans le domaine du journalisme des grands succ\u00e8s de la Mauritanie depuis l\u2019arriv\u00e9e au pouvoir du pr\u00e9sident de la R\u00e9publique Mohamed Ould Cheikh El-Ghazouani et du gouvernement du Premier ministre Mohamed Ould Bilal. Il a cit\u00e9, notamment la place de num\u00e9ro en Afrique et dans le monde arabe dans le classement de Reporters sans fronti\u00e8res (RSF) publi\u00e9 r\u00e9cemment, et les r\u00e9formes structurelles r\u00e9alis\u00e9es dans le domaine de l&#8217;information et de la communication depuis 2019.<\/p>\n<p>Le charg\u00e9 de mission a aussi \u00e9voqu\u00e9 le r\u00f4le pr\u00e9pond\u00e9rant jou\u00e9 par le Centre mauritanien d&#8217;\u00e9tudes strat\u00e9giques, de d\u00e9veloppement durable et de prospective qui se projette vers l&#8217;avenir en s&#8217;appuyant sur les d\u00e9veloppements de la recherche dans le domaine des m\u00e9dias et du d\u00e9veloppement.<\/p>\n<p>Acc\u00e9l\u00e9ration technologique.<\/p>\n<p>Dr Mohamed Ould Emine Ould Soueilem, pr\u00e9sident d\u2019honneur du Centre, a indiqu\u00e9 que cet atelier de formation, dont b\u00e9n\u00e9ficient les coordinateurs des unit\u00e9s de recherche du Centre, co\u00efncide avec la journ\u00e9e mondiale de la libert\u00e9 de la presse, ajoutant que, vue l&#8217;importance de cette journ\u00e9e, il est n\u00e9cessaire que le gouvernement, le secteur priv\u00e9, la soci\u00e9t\u00e9 civile et les associations professionnelles des m\u00e9dias conjuguent leurs efforts pour \u00e9laborer un code d&#8217;honneur professionnel unifi\u00e9 pour la presse mauritanienne, cr\u00e9er une acad\u00e9mie pour les journalistes et d\u00e9velopper un m\u00e9canisme de sauvegarde de la libert\u00e9 de la presse.<\/p>\n<p>Il a ajout\u00e9 que cet atelier vise \u00e0 souligner l&#8217;importance de la libert\u00e9 des m\u00e9dias et les d\u00e9fis pos\u00e9s par la num\u00e9risation et les exp\u00e9riences d&#8217;intelligence artificielle sur les entit\u00e9s des \u00c9tats et des soci\u00e9t\u00e9s contemporaines qui se dirigent vers le d\u00e9veloppement et la prosp\u00e9rit\u00e9.<\/p>\n","protected":false},"excerpt":{"rendered":"<p>Le Centre mauritanien d\u2019\u00e9tudes strat\u00e9giques, de d\u00e9veloppement durable et de prospective a organis\u00e9, samedi, \u00e0 Nouakchott, un atelier de formation sur la libert\u00e9 de la presse \u00e0 l&#8217;\u00e8re de l&#8217;int\u00e9gration num\u00e9rique et de l&#8217;intelligence artificielle. S&#8217;exprimant \u00e0 l&#8217;ouverture de cette session, M. Mohamed Lemine Ould Ivekou, charg\u00e9 de missions au minist\u00e8re de la culture, de [&hellip;]<\/p>\n","protected":false},"author":5,"featured_media":245268,"comment_status":"open","ping_status":"open","sticky":false,"template":"","format":"standard","meta":{"footnotes":""},"categories":[63918,63957,63959,63927],"tags":[],"class_list":["post-245267","post","type-post","status-publish","format-standard","has-post-thumbnail","hentry","category-autres","category-fil-dactualite","category-mauritanie","category-slider-mauritanie"],"_links":{"self":[{"href":"https:\/\/ami.mr\/fr\/wp-json\/wp\/v2\/posts\/245267","targetHints":{"allow":["GET"]}}],"collection":[{"href":"https:\/\/ami.mr\/fr\/wp-json\/wp\/v2\/posts"}],"about":[{"href":"https:\/\/ami.mr\/fr\/wp-json\/wp\/v2\/types\/post"}],"author":[{"embeddable":true,"href":"https:\/\/ami.mr\/fr\/wp-json\/wp\/v2\/users\/5"}],"replies":[{"embeddable":true,"href":"https:\/\/ami.mr\/fr\/wp-json\/wp\/v2\/comments?post=245267"}],"version-history":[{"count":1,"href":"https:\/\/ami.mr\/fr\/wp-json\/wp\/v2\/posts\/245267\/revisions"}],"predecessor-version":[{"id":245269,"href":"https:\/\/ami.mr\/fr\/wp-json\/wp\/v2\/posts\/245267\/revisions\/245269"}],"wp:featuredmedia":[{"embeddable":true,"href":"https:\/\/ami.mr\/fr\/wp-json\/wp\/v2\/media\/245268"}],"wp:attachment":[{"href":"https:\/\/ami.mr\/fr\/wp-json\/wp\/v2\/media?parent=245267"}],"wp:term":[{"taxonomy":"category","embeddable":true,"href":"https:\/\/ami.mr\/fr\/wp-json\/wp\/v2\/categories?post=245267"},{"taxonomy":"post_tag","embeddable":true,"href":"https:\/\/ami.mr\/fr\/wp-json\/wp\/v2\/tags?post=245267"}],"curies":[{"name":"wp","href":"https:\/\/api.w.org\/{rel}","templated":true}]}}