{"id":245265,"date":"2024-05-04T20:39:42","date_gmt":"2024-05-04T20:39:42","guid":{"rendered":"https:\/\/ami.mr\/fr\/?p=245265"},"modified":"2024-05-04T22:01:33","modified_gmt":"2024-05-04T22:01:33","slug":"le-president-de-la-republique-regagne-nouakchott-en-provenance-de-banjul","status":"publish","type":"post","link":"https:\/\/ami.mr\/fr\/archives\/245265","title":{"rendered":"Le Pr\u00e9sident de la R\u00e9publique regagne Nouakchott en provenance de Banjul"},"content":{"rendered":"<p>Son Excellence le Pr\u00e9sident de la R\u00e9publique, Pr\u00e9sident en exercice de l&#8217;Union africaine, M. Mohamed Ould Cheikh El-Ghazouani, est rentr\u00e9 samedi soir \u00e0 Nouakchott en provenance de Banjul, la capitale gambienne, apr\u00e8s avoir particip\u00e9 \u00e0 la 15\u00e8me session du Sommet des Etats membres de l&#8217;Organisation de la Coop\u00e9ration Islamique (OCI).<\/p>\n<p>A son arriv\u00e9e \u00e0 l&#8217;a\u00e9roport international de Nouakchott, le Pr\u00e9sident de la R\u00e9publique a \u00e9t\u00e9 accueilli par le Premier Ministre, M. Mohamed Ould Bilal Messaoud, le Secr\u00e9taire G\u00e9n\u00e9ral de la Pr\u00e9sidence de la R\u00e9publique, les deux Ministres Conseillers de la Pr\u00e9sidence de la R\u00e9publique, le Ministre de la Justice, le Chef d\u2019\u00e9tat-major particulier du Pr\u00e9sident de la R\u00e9publique, le wali de Nouakchott Ouest et la Pr\u00e9sidente de la R\u00e9gion de Nouakchott.<\/p>\n<p>Son Excellence le Pr\u00e9sident de la R\u00e9publique \u00e9tait accompagn\u00e9 d&#8217;une importante d\u00e9l\u00e9gation comprenant MM :<\/p>\n<p>&#8211; Moctar Ould Diay, Ministre charg\u00e9 du cabinet du Pr\u00e9sident de la R\u00e9publique.<\/p>\n<p>&#8211; Mohamed Salem Ould Merzoug, Ministre des Affaires Etrang\u00e8res, de la Coop\u00e9ration et des Mauritaniens de l&#8217;Ext\u00e9rieur.<\/p>\n<p>&#8211; Hamoud Ould Abdi, Ambassadeur de notre pays \u00e0 Banjul.<\/p>\n<p>&#8211; Ahmed Ould Neini, Conseiller \u00e0 la Pr\u00e9sidence de la R\u00e9publique.<\/p>\n<p>&#8211; Mohamed Lemine Ould Aboye Ould Cheikh El Hadrami, Conseiller \u00e0 la Pr\u00e9sidence de la R\u00e9publique.<\/p>\n<p>&#8211; El Hassan Ould Ahmed, directeur g\u00e9n\u00e9ral du Protocole d\u2019Etat.<\/p>\n","protected":false},"excerpt":{"rendered":"<p>Son Excellence le Pr\u00e9sident de la R\u00e9publique, Pr\u00e9sident en exercice de l&#8217;Union africaine, M. Mohamed Ould Cheikh El-Ghazouani, est rentr\u00e9 samedi soir \u00e0 Nouakchott en provenance de Banjul, la capitale gambienne, apr\u00e8s avoir particip\u00e9 \u00e0 la 15\u00e8me session du Sommet des Etats membres de l&#8217;Organisation de la Coop\u00e9ration Islamique (OCI). A son arriv\u00e9e \u00e0 l&#8217;a\u00e9roport [&hellip;]<\/p>\n","protected":false},"author":5,"featured_media":245293,"comment_status":"open","ping_status":"open","sticky":false,"template":"","format":"standard","meta":{"footnotes":""},"categories":[63957,63959,63921,63927],"tags":[],"class_list":["post-245265","post","type-post","status-publish","format-standard","has-post-thumbnail","hentry","category-fil-dactualite","category-mauritanie","category-slider-afficher","category-slider-mauritanie"],"_links":{"self":[{"href":"https:\/\/ami.mr\/fr\/wp-json\/wp\/v2\/posts\/245265","targetHints":{"allow":["GET"]}}],"collection":[{"href":"https:\/\/ami.mr\/fr\/wp-json\/wp\/v2\/posts"}],"about":[{"href":"https:\/\/ami.mr\/fr\/wp-json\/wp\/v2\/types\/post"}],"author":[{"embeddable":true,"href":"https:\/\/ami.mr\/fr\/wp-json\/wp\/v2\/users\/5"}],"replies":[{"embeddable":true,"href":"https:\/\/ami.mr\/fr\/wp-json\/wp\/v2\/comments?post=245265"}],"version-history":[{"count":1,"href":"https:\/\/ami.mr\/fr\/wp-json\/wp\/v2\/posts\/245265\/revisions"}],"predecessor-version":[{"id":245266,"href":"https:\/\/ami.mr\/fr\/wp-json\/wp\/v2\/posts\/245265\/revisions\/245266"}],"wp:featuredmedia":[{"embeddable":true,"href":"https:\/\/ami.mr\/fr\/wp-json\/wp\/v2\/media\/245293"}],"wp:attachment":[{"href":"https:\/\/ami.mr\/fr\/wp-json\/wp\/v2\/media?parent=245265"}],"wp:term":[{"taxonomy":"category","embeddable":true,"href":"https:\/\/ami.mr\/fr\/wp-json\/wp\/v2\/categories?post=245265"},{"taxonomy":"post_tag","embeddable":true,"href":"https:\/\/ami.mr\/fr\/wp-json\/wp\/v2\/tags?post=245265"}],"curies":[{"name":"wp","href":"https:\/\/api.w.org\/{rel}","templated":true}]}}