{"id":245259,"date":"2024-05-04T18:53:08","date_gmt":"2024-05-04T18:53:08","guid":{"rendered":"https:\/\/ami.mr\/fr\/?p=245259"},"modified":"2024-05-04T18:53:08","modified_gmt":"2024-05-04T18:53:08","slug":"le-president-de-la-republique-president-de-lunion-africaine-appelle-a-une-integration-economique-efficiente-entre-les-pays-islamiques","status":"publish","type":"post","link":"https:\/\/ami.mr\/fr\/archives\/245259","title":{"rendered":"Le Pr\u00e9sident de la R\u00e9publique, Pr\u00e9sident de l&#8217;Union africaine appelle \u00e0 une int\u00e9gration \u00e9conomique efficiente entre les pays islamiques"},"content":{"rendered":"<p>Son Excellence le Pr\u00e9sident de la R\u00e9publique, Pr\u00e9sident de l&#8217;Union Africaine (UA), M. Mohamed Ould Cheikh El-Ghazwani, a d\u00e9clar\u00e9, samedi, dans un discours prononc\u00e9 lors de la s\u00e9ance d&#8217;ouverture de la quinzi\u00e8me session du Sommet de la Coop\u00e9ration Islamique (OCI), que le monde islamique traverse une p\u00e9riode critique rendue plus complexe par la situation internationale actuelle caract\u00e9ris\u00e9e par une accumulation de crises \u00e9conomiques, s\u00e9curitaires, politiques et environnementales.<\/p>\n<p>Il a appel\u00e9 \u00e0 redoubler d\u2019efforts pour parvenir \u00e0 une int\u00e9gration \u00e9conomique effective entre les pays islamiques en intensifiant le partage d\u2019exp\u00e9riences et d\u2019expertises et en d\u00e9veloppant le commerce intra-OCI et de renforcer sa contribution \u00e0 la r\u00e9alisation du progr\u00e8s et de la prosp\u00e9rit\u00e9 auxquels aspirent les peuples des pays islamiques.<\/p>\n<p>Voici l\u2019int\u00e9gralit\u00e9 du discours de Son Excellence le Pr\u00e9sident de la R\u00e9publique :<\/p>\n<p>\u00ab Son Excellence M. Adama Barrow, Pr\u00e9sident de la R\u00e9publique de Gambie.<\/p>\n<p>Majest\u00e9s, Excellences et Altesses.<\/p>\n<p>Excellences, Chefs de d\u00e9l\u00e9gations.<\/p>\n<p>Son Excellence Monsieur Houssein Ibrahim Taha, Secr\u00e9taire G\u00e9n\u00e9ral de l&#8217;Organisation de la Coop\u00e9ration Islamique.<\/p>\n<p>Mesdames et Messieurs.<\/p>\n<p>Je voudrais, tout d\u2019abord, exprimer mes remerciements les plus sinc\u00e8res et ma gratitude \u00e0 mon fr\u00e8re, Son Excellence M. Adama Barrow, Pr\u00e9sident de la R\u00e9publique de Gambie, et \u00e0 travers lui au gouvernement et au peuple gambiens, pour l\u2019accueil chaleureux et la g\u00e9n\u00e9reuse hospitalit\u00e9, et lui adresser mes sinc\u00e8res f\u00e9licitations pour son accession \u00e0 la pr\u00e9sidence du Sommet de l\u2019OCI et pour l\u2019organisation minutieuse de cette 15\u00e8me session, tenue sous le th\u00e8me \u00ab Renforcer l\u2019unit\u00e9 et la solidarit\u00e9 \u00e0 travers le dialogue pour le d\u00e9veloppement \u00bb.<\/p>\n<p>Je voudrais exprimer mes sinc\u00e8res remerciements au Gardien des Deux Lieux Saints, Sa Majest\u00e9 Salman Bin Abdoulaziz Al Saoud, et \u00e0 son Prince h\u00e9ritier et Premier ministre, Son Altesse Royale le Prince Mohamed bin Salman, pour le soutien pr\u00e9cieux apport\u00e9 par le Royaume d\u2019Arabie saoudite \u00e0 notre Organisation et pour les efforts sinc\u00e8res et louables qu\u2019il a d\u00e9ploy\u00e9, durant sa pr\u00e9sidence de l\u2019OCI, pour promouvoir le progr\u00e8s de l\u2019Islam et des Musulmans et renforcer la coop\u00e9ration fructueuse et constructive entre les pays islamiques.<\/p>\n<p>Je remercie \u00e9galement le Secr\u00e9taire g\u00e9n\u00e9ral de l\u2019OCI, Son Excellence M. Houssein Ibrahim Taha, pour les efforts inlassables qu\u2019il d\u00e9ploie en vue de d\u00e9velopper l\u2019action islamique commune et de la pousser vers des horizons les plus larges.<\/p>\n<p>Majest\u00e9s, Excellences et Altesses.<\/p>\n<p>Messieurs et Mesdames.<\/p>\n<p>Notre monde islamique traverse une situation critique, rendue encore plus complexe par l&#8217;accumulation des crises \u00e9conomiques, s\u00e9curitaires, politiques et environnementales qui caract\u00e9risent la situation internationale actuelle.<\/p>\n<p>Il n\u2019y a pas meilleure preuve de la situation d\u00e9licate du monde musulman que celle \u00e0 laquelle est arriv\u00e9e aujourd\u2019hui notre cause centrale, la question palestinienne, qui occupe une place pr\u00e9pond\u00e9rante dans la conscience de la Oumma islamique du fait qu\u2019elle est le foyer la premi\u00e8re des deux Qiblas et la troisi\u00e8me des Saintes Mosqu\u00e9es, et du fait des torts subis par le peuple palestinien et de la justesse de son droit \u00e0 \u00e9tablir un Etat ind\u00e9pendant et souverain.<\/p>\n<p>Convaincus du caract\u00e8re sacr\u00e9 de ces deux dimensions, nous nous sommes engag\u00e9s, en tant que pays islamiques, dans l\u2019article 1 de notre charte &#8211; la charte de l\u2019Organisation de la coop\u00e9ration islamique &#8211; \u00e0 soutenir le peuple palestinien et \u00e0 lui permettre de revendiquer son droit \u00e0 l\u2019autod\u00e9termination, d\u2019\u00e9tablir un \u00c9tat ind\u00e9pendant et souverain et de pr\u00e9server l\u2019identit\u00e9 historique et islamique d&#8217;Al-Qods Al-Sharif et de ses lieux saints.<\/p>\n<p>Aujourd\u2019hui, le peuple palestinien dans la bande de Gaza est victime de crimes contre l\u2019humanit\u00e9 et d\u2019un g\u00e9nocide syst\u00e9matique, et les lieux saints de notre nation en Palestine font l\u2019objet de diverses formes de violation et d\u2019agression de tous genres.<\/p>\n<p>Par cons\u00e9quent, en plus de redoubler d\u2019efforts, individuellement et collectivement, pour all\u00e9ger les souffrances de nos fr\u00e8res palestiniens, il est de notre devoir \u00e0 tous d\u2019obliger la communaut\u00e9 internationale \u00e0 faire pression, avec plus de d\u00e9termination, pour contraindre Isra\u00ebl \u00e0 cesser imm\u00e9diatement et compl\u00e8tement les tueries en Palestine et \u00e0 lever le si\u00e8ge, en pr\u00e9lude au lancement d\u2019un processus de paix visant \u00e0 \u00e9tablir un \u00c9tat palestinien souverain, conform\u00e9ment aux r\u00e9solutions de la l\u00e9gitimit\u00e9 internationale et \u00e0 l\u2019initiative de paix arabe. Nous devons intensifier nos efforts pour persuader toutes les parties qu\u2019il n\u2019y a pas d\u2019autres voies que cette solution pour \u00e9tablir la paix et la s\u00e9curit\u00e9 dans la r\u00e9gion.<\/p>\n<p>Majest\u00e9s, Excellences et Altesses.<\/p>\n<p>Messieurs et Mesdames.<\/p>\n<p>Notre monde islamique est t\u00e9moin de conflits arm\u00e9s, de la propagation du ph\u00e9nom\u00e8ne du terrorisme et de l\u2019insuffisance d\u2019une action islamique commune, ce qui nous oblige aujourd\u2019hui, plus que jamais, \u00e0 \u0153uvrer pour r\u00e9soudre les conflits et les diff\u00e9rends par le dialogue et la n\u00e9gociation d\u2019une mani\u00e8re qui pr\u00e9serve l\u2019int\u00e9grit\u00e9 territoriale et la souverainet\u00e9 de chacun de nos pays et qui en fait un \u00e9l\u00e9ment efficace pour assurer un d\u00e9veloppement durable dans l\u2019ensemble du monde islamique.<\/p>\n<p>Les destructions et autres exactions caus\u00e9es par le terrorisme et l\u2019\u00e9branlement des piliers de la s\u00e9curit\u00e9 et de la stabilit\u00e9 dans notre espace islamique, en particulier dans le continent africain, indiquent que nous avons grand besoin de promouvoir la culture du dialogue, de l\u2019ouverture, de la tol\u00e9rance et de consolider les valeurs de la religion islamique, qui est essentiellement une religion de paix, d\u2019amour et de fraternit\u00e9.<\/p>\n<p>La propagation et la consolidation des valeurs de mod\u00e9ration, d\u2019ouverture et de tol\u00e9rance constituent la voie de la victoire sur l\u2019islamophobie et de toutes les formes de d\u00e9formation de notre religion authentique, ainsi que le moyen le plus efficace de consolider notre unit\u00e9 et de renforcer notre action commune en vue d\u2019\u00e9difier un d\u00e9veloppement global durable.<\/p>\n<p>Nous devons, sans attendre, redoubler d\u2019efforts pour r\u00e9aliser une int\u00e9gration \u00e9conomique effective entre nos pays islamiques en intensifiant le partage d\u2019exp\u00e9riences et d\u2019expertises, en d\u00e9veloppant le commerce intra-communautaire et en cr\u00e9ant un climat qui encourage le capital islamique et renforce sa contribution \u00e0 la r\u00e9alisation du progr\u00e8s et de la prosp\u00e9rit\u00e9 auxquels aspirent nos peuples.<\/p>\n<p>En vous assurant de l\u2019enti\u00e8re disponibilit\u00e9 de la R\u00e9publique Islamique de Mauritanie \u00e0 soutenir tout ce qui peut conduire \u00e0 la r\u00e9alisation de ces nobles objectifs, je souhaite plein succ\u00e8s \u00e0 notre Sommet.<\/p>\n<p>Je vous remercie et que la paix, la mis\u00e9ricorde et les b\u00e9n\u00e9dictions d\u2019Allah soient sur vous.<\/p>\n","protected":false},"excerpt":{"rendered":"<p>Son Excellence le Pr\u00e9sident de la R\u00e9publique, Pr\u00e9sident de l&#8217;Union Africaine (UA), M. Mohamed Ould Cheikh El-Ghazwani, a d\u00e9clar\u00e9, samedi, dans un discours prononc\u00e9 lors de la s\u00e9ance d&#8217;ouverture de la quinzi\u00e8me session du Sommet de la Coop\u00e9ration Islamique (OCI), que le monde islamique traverse une p\u00e9riode critique rendue plus complexe par la situation internationale [&hellip;]<\/p>\n","protected":false},"author":5,"featured_media":245254,"comment_status":"open","ping_status":"open","sticky":false,"template":"","format":"standard","meta":{"footnotes":""},"categories":[63957,25,63921],"tags":[],"class_list":["post-245259","post","type-post","status-publish","format-standard","has-post-thumbnail","hentry","category-fil-dactualite","category-25","category-slider-afficher"],"_links":{"self":[{"href":"https:\/\/ami.mr\/fr\/wp-json\/wp\/v2\/posts\/245259","targetHints":{"allow":["GET"]}}],"collection":[{"href":"https:\/\/ami.mr\/fr\/wp-json\/wp\/v2\/posts"}],"about":[{"href":"https:\/\/ami.mr\/fr\/wp-json\/wp\/v2\/types\/post"}],"author":[{"embeddable":true,"href":"https:\/\/ami.mr\/fr\/wp-json\/wp\/v2\/users\/5"}],"replies":[{"embeddable":true,"href":"https:\/\/ami.mr\/fr\/wp-json\/wp\/v2\/comments?post=245259"}],"version-history":[{"count":1,"href":"https:\/\/ami.mr\/fr\/wp-json\/wp\/v2\/posts\/245259\/revisions"}],"predecessor-version":[{"id":245260,"href":"https:\/\/ami.mr\/fr\/wp-json\/wp\/v2\/posts\/245259\/revisions\/245260"}],"wp:featuredmedia":[{"embeddable":true,"href":"https:\/\/ami.mr\/fr\/wp-json\/wp\/v2\/media\/245254"}],"wp:attachment":[{"href":"https:\/\/ami.mr\/fr\/wp-json\/wp\/v2\/media?parent=245259"}],"wp:term":[{"taxonomy":"category","embeddable":true,"href":"https:\/\/ami.mr\/fr\/wp-json\/wp\/v2\/categories?post=245259"},{"taxonomy":"post_tag","embeddable":true,"href":"https:\/\/ami.mr\/fr\/wp-json\/wp\/v2\/tags?post=245259"}],"curies":[{"name":"wp","href":"https:\/\/api.w.org\/{rel}","templated":true}]}}