{"id":245256,"date":"2024-05-04T18:48:14","date_gmt":"2024-05-04T18:48:14","guid":{"rendered":"https:\/\/ami.mr\/fr\/?p=245256"},"modified":"2024-05-04T18:48:14","modified_gmt":"2024-05-04T18:48:14","slug":"le-president-de-la-republique-president-de-lunion-africaine-recoit-son-homologue-senegalais","status":"publish","type":"post","link":"https:\/\/ami.mr\/fr\/archives\/245256","title":{"rendered":"Le Pr\u00e9sident de la R\u00e9publique, Pr\u00e9sident de l&#8217;Union Africaine re\u00e7oit son homologue s\u00e9n\u00e9galais"},"content":{"rendered":"<p>Le Pr\u00e9sident de la R\u00e9publique, Son Excellence Monsieur Mohamed Ould Cheikh El Ghazouani, pr\u00e9sident de l&#8217;Union Africaine, a re\u00e7u en audience, samedi apr\u00e8s-midi, \u00e0 Banjul, le pr\u00e9sident de la R\u00e9publique du S\u00e9n\u00e9gal, Son Excellence Monsieur Bassirou Djomay Faye.<\/p>\n<p>La rencontre qui s&#8217;est d\u00e9roul\u00e9e en marge de la 15eme session de la conf\u00e9rence au sommet islamique a port\u00e9 sur les relations entre les deux pays fr\u00e8res et les moyens susceptibles de les renforcer ainsi que sur certaines questions africaines et internationales d&#8217;int\u00e9r\u00eat commun.<\/p>\n","protected":false},"excerpt":{"rendered":"<p>Le Pr\u00e9sident de la R\u00e9publique, Son Excellence Monsieur Mohamed Ould Cheikh El Ghazouani, pr\u00e9sident de l&#8217;Union Africaine, a re\u00e7u en audience, samedi apr\u00e8s-midi, \u00e0 Banjul, le pr\u00e9sident de la R\u00e9publique du S\u00e9n\u00e9gal, Son Excellence Monsieur Bassirou Djomay Faye. La rencontre qui s&#8217;est d\u00e9roul\u00e9e en marge de la 15eme session de la conf\u00e9rence au sommet islamique [&hellip;]<\/p>\n","protected":false},"author":5,"featured_media":245257,"comment_status":"open","ping_status":"open","sticky":false,"template":"","format":"standard","meta":{"footnotes":""},"categories":[63957,25,63921,63926],"tags":[],"class_list":["post-245256","post","type-post","status-publish","format-standard","has-post-thumbnail","hentry","category-fil-dactualite","category-25","category-slider-afficher","category-slider-general"],"_links":{"self":[{"href":"https:\/\/ami.mr\/fr\/wp-json\/wp\/v2\/posts\/245256","targetHints":{"allow":["GET"]}}],"collection":[{"href":"https:\/\/ami.mr\/fr\/wp-json\/wp\/v2\/posts"}],"about":[{"href":"https:\/\/ami.mr\/fr\/wp-json\/wp\/v2\/types\/post"}],"author":[{"embeddable":true,"href":"https:\/\/ami.mr\/fr\/wp-json\/wp\/v2\/users\/5"}],"replies":[{"embeddable":true,"href":"https:\/\/ami.mr\/fr\/wp-json\/wp\/v2\/comments?post=245256"}],"version-history":[{"count":1,"href":"https:\/\/ami.mr\/fr\/wp-json\/wp\/v2\/posts\/245256\/revisions"}],"predecessor-version":[{"id":245258,"href":"https:\/\/ami.mr\/fr\/wp-json\/wp\/v2\/posts\/245256\/revisions\/245258"}],"wp:featuredmedia":[{"embeddable":true,"href":"https:\/\/ami.mr\/fr\/wp-json\/wp\/v2\/media\/245257"}],"wp:attachment":[{"href":"https:\/\/ami.mr\/fr\/wp-json\/wp\/v2\/media?parent=245256"}],"wp:term":[{"taxonomy":"category","embeddable":true,"href":"https:\/\/ami.mr\/fr\/wp-json\/wp\/v2\/categories?post=245256"},{"taxonomy":"post_tag","embeddable":true,"href":"https:\/\/ami.mr\/fr\/wp-json\/wp\/v2\/tags?post=245256"}],"curies":[{"name":"wp","href":"https:\/\/api.w.org\/{rel}","templated":true}]}}