{"id":244857,"date":"2024-04-29T20:49:23","date_gmt":"2024-04-29T20:49:23","guid":{"rendered":"https:\/\/ami.mr\/fr\/?p=244857"},"modified":"2024-04-29T20:49:23","modified_gmt":"2024-04-29T20:49:23","slug":"lancement-du-programme-mauritano-algerien-de-transplantation-renale","status":"publish","type":"post","link":"https:\/\/ami.mr\/fr\/archives\/244857","title":{"rendered":"Lancement du programme mauritano-alg\u00e9rien de transplantation r\u00e9nale"},"content":{"rendered":"<div class=\"cell auto-size\">\n<div class=\"set-border bd-gray padding10 margin10 no-margin-right no-margin-left \" dir=\"ltr\">\n<p>Le Centre Hospitalier Universitaire de Batna, en R\u00e9publique Alg\u00e9rienne D\u00e9mocratique et Populaire, a lanc\u00e9, lundi, un programme de r\u00e9alisation de plusieurs interventions chirurgicales dans le domaine de la transplantation r\u00e9nale pour plusieurs patients, dont un Mauritanien, avec la participation d\u2019une \u00e9quipe m\u00e9dicale nationale b\u00e9n\u00e9ficiant d\u2019une formation dans ce domaine, compos\u00e9e de 6 m\u00e9decins, dont trois m\u00e9decins sp\u00e9cialistes en urologie, deux sp\u00e9cialistes en n\u00e9phrologie et un chirurgien p\u00e9diatrique.<\/p>\n<p>Dans un second temps, le programme comprend plusieurs transplantations r\u00e9nales pour les patients mauritaniens \u00e0 l\u2019H\u00f4pital national, sous la supervision de l\u2019\u00e9quipe m\u00e9dicale alg\u00e9rienne, afin de compl\u00e9ter les comp\u00e9tences n\u00e9cessaires \u00e0 la pratique m\u00e9dicale dans le domaine de la transplantation d\u2019organes.<\/p>\n<p>Cette formation s\u2019inscrit dans le cadre de l\u2019accord de coop\u00e9ration sign\u00e9 par la Ministre de la Sant\u00e9, Mme Naha Hamdi Meknass, et son homologue alg\u00e9rien, M. Abdelhak Sayhi, notamment la partie relative \u00e0 la coop\u00e9ration entre le Conseil National du Don, du Pr\u00e9l\u00e8vement et du Respect des Organes et Tissus Humains et l\u2019Agence Nationale de Transplantation d\u2019Organes en Alg\u00e9rie.<\/p>\n<\/div>\n<\/div>\n","protected":false},"excerpt":{"rendered":"<p>Le Centre Hospitalier Universitaire de Batna, en R\u00e9publique Alg\u00e9rienne D\u00e9mocratique et Populaire, a lanc\u00e9, lundi, un programme de r\u00e9alisation de plusieurs interventions chirurgicales dans le domaine de la transplantation r\u00e9nale pour plusieurs patients, dont un Mauritanien, avec la participation d\u2019une \u00e9quipe m\u00e9dicale nationale b\u00e9n\u00e9ficiant d\u2019une formation dans ce domaine, compos\u00e9e de 6 m\u00e9decins, dont trois [&hellip;]<\/p>\n","protected":false},"author":13,"featured_media":244858,"comment_status":"open","ping_status":"open","sticky":false,"template":"","format":"standard","meta":{"footnotes":""},"categories":[63918,63919,63957,63959,63927],"tags":[],"class_list":["post-244857","post","type-post","status-publish","format-standard","has-post-thumbnail","hentry","category-autres","category-choix-du-redacteur","category-fil-dactualite","category-mauritanie","category-slider-mauritanie"],"_links":{"self":[{"href":"https:\/\/ami.mr\/fr\/wp-json\/wp\/v2\/posts\/244857","targetHints":{"allow":["GET"]}}],"collection":[{"href":"https:\/\/ami.mr\/fr\/wp-json\/wp\/v2\/posts"}],"about":[{"href":"https:\/\/ami.mr\/fr\/wp-json\/wp\/v2\/types\/post"}],"author":[{"embeddable":true,"href":"https:\/\/ami.mr\/fr\/wp-json\/wp\/v2\/users\/13"}],"replies":[{"embeddable":true,"href":"https:\/\/ami.mr\/fr\/wp-json\/wp\/v2\/comments?post=244857"}],"version-history":[{"count":1,"href":"https:\/\/ami.mr\/fr\/wp-json\/wp\/v2\/posts\/244857\/revisions"}],"predecessor-version":[{"id":244868,"href":"https:\/\/ami.mr\/fr\/wp-json\/wp\/v2\/posts\/244857\/revisions\/244868"}],"wp:featuredmedia":[{"embeddable":true,"href":"https:\/\/ami.mr\/fr\/wp-json\/wp\/v2\/media\/244858"}],"wp:attachment":[{"href":"https:\/\/ami.mr\/fr\/wp-json\/wp\/v2\/media?parent=244857"}],"wp:term":[{"taxonomy":"category","embeddable":true,"href":"https:\/\/ami.mr\/fr\/wp-json\/wp\/v2\/categories?post=244857"},{"taxonomy":"post_tag","embeddable":true,"href":"https:\/\/ami.mr\/fr\/wp-json\/wp\/v2\/tags?post=244857"}],"curies":[{"name":"wp","href":"https:\/\/api.w.org\/{rel}","templated":true}]}}