{"id":244512,"date":"2024-04-24T21:02:31","date_gmt":"2024-04-24T21:02:31","guid":{"rendered":"https:\/\/ami.mr\/fr\/?p=244512"},"modified":"2024-04-24T22:00:11","modified_gmt":"2024-04-24T22:00:11","slug":"244512","status":"publish","type":"post","link":"https:\/\/ami.mr\/fr\/archives\/244512","title":{"rendered":"Le comit\u00e9 minist\u00e9riel charg\u00e9 d\u2019identifier les probl\u00e8mes pos\u00e9s \u00e0 la ville de Nouadhibou visite des projets en cours et les ports de la ville"},"content":{"rendered":"<p>Le comit\u00e9 minist\u00e9riel d\u00e9l\u00e9gu\u00e9 pour examiner les probl\u00e8mes pos\u00e9s par les citoyens de la ville de Nouadhibou, sous la pr\u00e9sidence du Ministre Secr\u00e9taire G\u00e9n\u00e9ral de la Pr\u00e9sidence de la R\u00e9publique, M. Moulay Ould Mohamed Laghdaf, a men\u00e9, ce mercredi, au cours de sa deuxi\u00e8me journ\u00e9e d\u2019activit\u00e9 dans la capitale \u00e9conomique, une visite de projets en cours de r\u00e9alisation \u00e0 Nouadhibou ainsi que des ports de la ville.<\/p>\n<p>Le Comit\u00e9 minist\u00e9riel comprenant, comme membres, Messieurs : Mokhtar El Housseyni Lam, ministre des p\u00eaches et de l\u2019\u00e9conomie maritime, Mohamed Ali Ould Sidi Mohamed, ministre de l\u2019Equipement et des Transports, et Ismail Ould Abdel Vettah, ministre de l\u2019Hydraulique et de l\u2019Assainissement, a ainsi visit\u00e9 les travaux en cours \u00e0 l\u2019a\u00e9roport de Nouadhibou et ses annexes. Il a \u00e9cout\u00e9 les explications d\u00e9taill\u00e9es et les informations techniques fournies par le repr\u00e9sentant de la soci\u00e9t\u00e9 charg\u00e9e de la supervision de la mise en \u0153uvre des travaux a\u00e9roportuaires. Les informations techniques fournies avaient trait au niveau d\u2019ex\u00e9cution des travaux, de leurs d\u00e9lais et des mat\u00e9riaux utilis\u00e9s pour leur construction. Le Comit\u00e9 minist\u00e9riel a \u00e9galement \u00e9t\u00e9 inform\u00e9 des travaux en cours pour l\u2019ach\u00e8vement de trente-cinq kilom\u00e8tres du r\u00e9seau routier urbain, commenc\u00e9s en d\u00e9cembre dernier pour une dur\u00e9e de dix-huit mois. Ce r\u00e9seau routier urbain, r\u00e9alis\u00e9 gr\u00e2ce \u00e0 un financement de la zone franche, reliera les quartiers de relocalisation du centre-ville et la zone industrielle et touristique.<\/p>\n<p>La d\u00e9l\u00e9gation a \u00e9galement \u00e9t\u00e9 inform\u00e9e de l\u2019expansion en cours du r\u00e9seau \u00e9lectrique et du r\u00e9servoir d\u2019eau d\u2019une capacit\u00e9 de cinq mille m\u00e8tres cubes par jour dans le quartier \u00ab tarhil \u00bb de Nouadhibou et dont les travaux devraient \u00eatre achev\u00e9s en novembre prochain.<\/p>\n<p>Au cours de sa visite au principal poste de distribution de la ville, la d\u00e9l\u00e9gation minist\u00e9rielle a \u00e9galement pris connaissance des m\u00e9thodes de distribution de l\u2019eau, \u00e9coutant, \u00e0 l\u2019occasion, les explications des responsables charg\u00e9s de la supervision de ce chantier, notamment les m\u00e9thodes de travail et les zones de distribution de l\u2019eau dans les quartiers de la ville, leur capacit\u00e9 d\u2019absorption, ainsi que les difficult\u00e9s et contraintes auxquelles ils sont confront\u00e9s.<\/p>\n<p>La d\u00e9l\u00e9gation minist\u00e9rielle a \u00e9galement visit\u00e9 l\u2019expansion du port de la Baie du Repos dit Port artisanal de Nouadhibou, et le quai du port autonome de Nouadhibou recevant, l\u00e0 aussi, des explications d\u00e9taill\u00e9es sur les deux importantes infrastructures portuaires, notamment une pr\u00e9sentation de ces institutions, la nature du service fourni, les obstacles rencontr\u00e9s et les perspectives pour leur d\u00e9veloppement futur.<\/p>\n<p>La d\u00e9l\u00e9gation minist\u00e9rielle a \u00e9galement visit\u00e9 les travaux en cours pour la construction d\u2019une usine de dessalement d\u2019eau de mer arriv\u00e9s \u00e0 80% et devant fournir cinq mille m\u00e8tres cubes \u00e0 la ville. Elle a \u00e9galement \u00e9t\u00e9 inform\u00e9e des travaux d\u2019entretien que l\u2019usine de dessalement existante subit pour pouvoir augmenter sa production.<\/p>\n<p>Le comit\u00e9 minist\u00e9riel charg\u00e9 d\u2019identifier les probl\u00e8mes pos\u00e9s \u00e0 la ville de Nouadhibou a parachev\u00e9 ses activit\u00e9s par la tenue d\u2019une r\u00e9union dans les locaux de la wilaya avec les acteurs de la p\u00eache, l\u2019objectif \u00e9tant d\u2019\u00e9tudier les probl\u00e8mes du secteur et d\u2019envisager les mesures et moyens \u00e0 prendre en vue de les r\u00e9soudre.<\/p>\n<p>Aux diff\u00e9rentes \u00e9tapes de la visite, le Ministre Secr\u00e9taire G\u00e9n\u00e9ral de la Pr\u00e9sidence de la R\u00e9publique, Pr\u00e9sident du Comit\u00e9 Minist\u00e9riel, a donn\u00e9 instruction de redoubler d\u2019efforts pour achever les travaux dans les d\u00e9lais.<\/p>\n<p>Le comit\u00e9 minist\u00e9riel a \u00e9t\u00e9 accompagn\u00e9 lors de ces visites d\u2019inspection et d\u2019information, par le wali de Dakhlet-Nouadhibou, M. Mahi Ould Hamed, du pr\u00e9sident de l\u2019Autorit\u00e9 de la zone franche de Nouadhibou, M. B\u00e2 Abdoulaye Mamadou, des \u00e9lus locaux, et des autorit\u00e9s administratives et s\u00e9curitaires de la wilaya.<\/p>\n","protected":false},"excerpt":{"rendered":"<p>Le comit\u00e9 minist\u00e9riel d\u00e9l\u00e9gu\u00e9 pour examiner les probl\u00e8mes pos\u00e9s par les citoyens de la ville de Nouadhibou, sous la pr\u00e9sidence du Ministre Secr\u00e9taire G\u00e9n\u00e9ral de la Pr\u00e9sidence de la R\u00e9publique, M. Moulay Ould Mohamed Laghdaf, a men\u00e9, ce mercredi, au cours de sa deuxi\u00e8me journ\u00e9e d\u2019activit\u00e9 dans la capitale \u00e9conomique, une visite de projets en [&hellip;]<\/p>\n","protected":false},"author":13,"featured_media":244491,"comment_status":"open","ping_status":"open","sticky":false,"template":"","format":"standard","meta":{"footnotes":""},"categories":[63920,63919,63957,63923],"tags":[],"class_list":["post-244512","post","type-post","status-publish","format-standard","has-post-thumbnail","hentry","category-a-la-une","category-choix-du-redacteur","category-fil-dactualite","category-slider-wilayas"],"_links":{"self":[{"href":"https:\/\/ami.mr\/fr\/wp-json\/wp\/v2\/posts\/244512","targetHints":{"allow":["GET"]}}],"collection":[{"href":"https:\/\/ami.mr\/fr\/wp-json\/wp\/v2\/posts"}],"about":[{"href":"https:\/\/ami.mr\/fr\/wp-json\/wp\/v2\/types\/post"}],"author":[{"embeddable":true,"href":"https:\/\/ami.mr\/fr\/wp-json\/wp\/v2\/users\/13"}],"replies":[{"embeddable":true,"href":"https:\/\/ami.mr\/fr\/wp-json\/wp\/v2\/comments?post=244512"}],"version-history":[{"count":3,"href":"https:\/\/ami.mr\/fr\/wp-json\/wp\/v2\/posts\/244512\/revisions"}],"predecessor-version":[{"id":244523,"href":"https:\/\/ami.mr\/fr\/wp-json\/wp\/v2\/posts\/244512\/revisions\/244523"}],"wp:featuredmedia":[{"embeddable":true,"href":"https:\/\/ami.mr\/fr\/wp-json\/wp\/v2\/media\/244491"}],"wp:attachment":[{"href":"https:\/\/ami.mr\/fr\/wp-json\/wp\/v2\/media?parent=244512"}],"wp:term":[{"taxonomy":"category","embeddable":true,"href":"https:\/\/ami.mr\/fr\/wp-json\/wp\/v2\/categories?post=244512"},{"taxonomy":"post_tag","embeddable":true,"href":"https:\/\/ami.mr\/fr\/wp-json\/wp\/v2\/tags?post=244512"}],"curies":[{"name":"wp","href":"https:\/\/api.w.org\/{rel}","templated":true}]}}