{"id":244500,"date":"2024-04-24T20:26:58","date_gmt":"2024-04-24T20:26:58","guid":{"rendered":"https:\/\/ami.mr\/fr\/?p=244500"},"modified":"2024-04-24T20:26:58","modified_gmt":"2024-04-24T20:26:58","slug":"le-ministre-des-affaires-etrangeres-recoit-lambassadeur-de-turquie-7","status":"publish","type":"post","link":"https:\/\/ami.mr\/fr\/archives\/244500","title":{"rendered":"Le ministre des Affaires \u00e9trang\u00e8res re\u00e7oit l\u2019ambassadeur de Turquie"},"content":{"rendered":"<p>Le ministre des Affaires \u00e9trang\u00e8res, de la Coop\u00e9ration et des Mauritaniens de l\u2019Ext\u00e9rieur, M. Mohamed Salem Ould Marzoug, a re\u00e7u, mercredi, dans son bureau S.E.M. l\u2019ambassadeur de la R\u00e9publique de Turquie en Mauritanie, Burhan Koroglu.<\/p>\n<p>La r\u00e9union a port\u00e9 sur divers aspects de la coop\u00e9ration entre les deux pays et les moyens de les renforcer et de les d\u00e9velopper, ainsi que des questions d\u2019int\u00e9r\u00eat commun.<\/p>\n<p>La rencontre s\u2019est d\u00e9roul\u00e9e en pr\u00e9sence de M. Mohamed Lemine El-Bechir, ambassadeur directeur du d\u00e9partement Europe \u00e0 la Direction g\u00e9n\u00e9rale de la Coop\u00e9ration bilat\u00e9rale du minist\u00e8re.<\/p>\n","protected":false},"excerpt":{"rendered":"<p>Le ministre des Affaires \u00e9trang\u00e8res, de la Coop\u00e9ration et des Mauritaniens de l\u2019Ext\u00e9rieur, M. Mohamed Salem Ould Marzoug, a re\u00e7u, mercredi, dans son bureau S.E.M. l\u2019ambassadeur de la R\u00e9publique de Turquie en Mauritanie, Burhan Koroglu. La r\u00e9union a port\u00e9 sur divers aspects de la coop\u00e9ration entre les deux pays et les moyens de les renforcer [&hellip;]<\/p>\n","protected":false},"author":13,"featured_media":244493,"comment_status":"open","ping_status":"open","sticky":false,"template":"","format":"standard","meta":{"footnotes":""},"categories":[63918,63919,63957,63959,63927],"tags":[],"class_list":["post-244500","post","type-post","status-publish","format-standard","has-post-thumbnail","hentry","category-autres","category-choix-du-redacteur","category-fil-dactualite","category-mauritanie","category-slider-mauritanie"],"_links":{"self":[{"href":"https:\/\/ami.mr\/fr\/wp-json\/wp\/v2\/posts\/244500","targetHints":{"allow":["GET"]}}],"collection":[{"href":"https:\/\/ami.mr\/fr\/wp-json\/wp\/v2\/posts"}],"about":[{"href":"https:\/\/ami.mr\/fr\/wp-json\/wp\/v2\/types\/post"}],"author":[{"embeddable":true,"href":"https:\/\/ami.mr\/fr\/wp-json\/wp\/v2\/users\/13"}],"replies":[{"embeddable":true,"href":"https:\/\/ami.mr\/fr\/wp-json\/wp\/v2\/comments?post=244500"}],"version-history":[{"count":1,"href":"https:\/\/ami.mr\/fr\/wp-json\/wp\/v2\/posts\/244500\/revisions"}],"predecessor-version":[{"id":244501,"href":"https:\/\/ami.mr\/fr\/wp-json\/wp\/v2\/posts\/244500\/revisions\/244501"}],"wp:featuredmedia":[{"embeddable":true,"href":"https:\/\/ami.mr\/fr\/wp-json\/wp\/v2\/media\/244493"}],"wp:attachment":[{"href":"https:\/\/ami.mr\/fr\/wp-json\/wp\/v2\/media?parent=244500"}],"wp:term":[{"taxonomy":"category","embeddable":true,"href":"https:\/\/ami.mr\/fr\/wp-json\/wp\/v2\/categories?post=244500"},{"taxonomy":"post_tag","embeddable":true,"href":"https:\/\/ami.mr\/fr\/wp-json\/wp\/v2\/tags?post=244500"}],"curies":[{"name":"wp","href":"https:\/\/api.w.org\/{rel}","templated":true}]}}