{"id":244431,"date":"2024-04-23T20:29:34","date_gmt":"2024-04-23T20:29:34","guid":{"rendered":"https:\/\/ami.mr\/fr\/?p=244431"},"modified":"2024-04-23T20:29:34","modified_gmt":"2024-04-23T20:29:34","slug":"le-premier-ministre-preside-le-conseil-superieur-de-la-numerisation","status":"publish","type":"post","link":"https:\/\/ami.mr\/fr\/archives\/244431","title":{"rendered":"Le Premier ministre pr\u00e9side le Conseil sup\u00e9rieur de la num\u00e9risation"},"content":{"rendered":"<p>Le Premier ministre, M. Mohamed Bilal Messoud, a pr\u00e9sid\u00e9, mardi, dans les locaux de la Primature \u00e0 Nouakchott, une r\u00e9union du Conseil sup\u00e9rieur de la num\u00e9risation. La r\u00e9union a permis de faire le point sur l\u2019\u00e9tat d\u2019avancement de la mise en \u0153uvre du Plan National de Gouvernance Num\u00e9rique et de la feuille de route pour renforcer la couverture des r\u00e9seaux de t\u00e9l\u00e9communications au domaine national mise en \u0153uvre par le gouvernement, conform\u00e9ment aux directives de Son Excellence le Pr\u00e9sident de la R\u00e9publique, M. Mohamed Ould Cheikh Ghazouani. Elle aussi \u00e9valu\u00e9 les progr\u00e8s r\u00e9alis\u00e9s dans la mise \u00e0 niveau du panier de services num\u00e9riques mis \u00e0 la disposition des usagers afin d\u2019\u00e9lever le caract\u00e8re num\u00e9rique des transactions dans divers domaines afin d\u2019atteindre le degr\u00e9 de digitalisation de l\u2019ensemble des services destin\u00e9s au public.<\/p>\n<p>A l\u2019issue de la rencontre, M. le Premier ministre a exhort\u00e9 les secteurs intervenants \u00e0 acc\u00e9l\u00e9rer la mise en \u0153uvre des composantes restantes du plan d\u2019action approuv\u00e9, appelant le secteur priv\u00e9 national \u00e0 jouer un r\u00f4le efficace et essentiel afin d\u2019am\u00e9liorer la qualit\u00e9 des services fournis dans le domaine de la num\u00e9risation et des communications.<\/p>\n","protected":false},"excerpt":{"rendered":"<p>Le Premier ministre, M. Mohamed Bilal Messoud, a pr\u00e9sid\u00e9, mardi, dans les locaux de la Primature \u00e0 Nouakchott, une r\u00e9union du Conseil sup\u00e9rieur de la num\u00e9risation. La r\u00e9union a permis de faire le point sur l\u2019\u00e9tat d\u2019avancement de la mise en \u0153uvre du Plan National de Gouvernance Num\u00e9rique et de la feuille de route pour [&hellip;]<\/p>\n","protected":false},"author":5,"featured_media":244432,"comment_status":"open","ping_status":"open","sticky":false,"template":"","format":"standard","meta":{"footnotes":""},"categories":[63957,63959,63921,63927],"tags":[],"class_list":["post-244431","post","type-post","status-publish","format-standard","has-post-thumbnail","hentry","category-fil-dactualite","category-mauritanie","category-slider-afficher","category-slider-mauritanie"],"_links":{"self":[{"href":"https:\/\/ami.mr\/fr\/wp-json\/wp\/v2\/posts\/244431","targetHints":{"allow":["GET"]}}],"collection":[{"href":"https:\/\/ami.mr\/fr\/wp-json\/wp\/v2\/posts"}],"about":[{"href":"https:\/\/ami.mr\/fr\/wp-json\/wp\/v2\/types\/post"}],"author":[{"embeddable":true,"href":"https:\/\/ami.mr\/fr\/wp-json\/wp\/v2\/users\/5"}],"replies":[{"embeddable":true,"href":"https:\/\/ami.mr\/fr\/wp-json\/wp\/v2\/comments?post=244431"}],"version-history":[{"count":1,"href":"https:\/\/ami.mr\/fr\/wp-json\/wp\/v2\/posts\/244431\/revisions"}],"predecessor-version":[{"id":244433,"href":"https:\/\/ami.mr\/fr\/wp-json\/wp\/v2\/posts\/244431\/revisions\/244433"}],"wp:featuredmedia":[{"embeddable":true,"href":"https:\/\/ami.mr\/fr\/wp-json\/wp\/v2\/media\/244432"}],"wp:attachment":[{"href":"https:\/\/ami.mr\/fr\/wp-json\/wp\/v2\/media?parent=244431"}],"wp:term":[{"taxonomy":"category","embeddable":true,"href":"https:\/\/ami.mr\/fr\/wp-json\/wp\/v2\/categories?post=244431"},{"taxonomy":"post_tag","embeddable":true,"href":"https:\/\/ami.mr\/fr\/wp-json\/wp\/v2\/tags?post=244431"}],"curies":[{"name":"wp","href":"https:\/\/api.w.org\/{rel}","templated":true}]}}