{"id":244428,"date":"2024-04-23T19:08:46","date_gmt":"2024-04-23T19:08:46","guid":{"rendered":"https:\/\/ami.mr\/fr\/?p=244428"},"modified":"2024-04-24T00:06:24","modified_gmt":"2024-04-24T00:06:24","slug":"la-conference-des-presidents-de-lassemblee-nationale-transmet-des-projets-de-loi-aux-commissions-competentes","status":"publish","type":"post","link":"https:\/\/ami.mr\/fr\/archives\/244428","title":{"rendered":"La conf\u00e9rence des pr\u00e9sidents de l&#8217;assembl\u00e9e nationale transmet des projets de loi aux commissions comp\u00e9tentes"},"content":{"rendered":"<p>La Conf\u00e9rence des pr\u00e9sidents de l&#8217;Assembl\u00e9e nationale s&#8217;est r\u00e9unie, mardi, sous la pr\u00e9sidence de M. Mohamed Bamba Meguett, pr\u00e9sident de l&#8217;Assembl\u00e9e, en pr\u00e9sence de M. Ahmed Sid\u2019Ahmed Di\u00e9, ministre de la Culture, de la Jeunesse, des Sports et des Relations avec le Parlement.<\/p>\n<p>Au cours de la r\u00e9union, la Conf\u00e9rence des pr\u00e9sidents a pris connaissance des projets de loi suivants pr\u00e9sent\u00e9s par le gouvernement :<\/p>\n<p>&#8211; Projet de loi autorisant la ratification d&#8217;une convention en vue d&#8217;\u00e9viter les doubles impositions en mati\u00e8re d&#8217;imp\u00f4ts sur le revenu et sur la fortune et de pr\u00e9venir l\u2019\u00e9vasion fiscale;<\/p>\n<p>&#8211; Projet de loi autorisant la ratification de l&#8217;accord de coop\u00e9ration judiciaire en mati\u00e8re civile et commerciale entre la R\u00e9publique Islamique de Mauritanie et la R\u00e9publique du S\u00e9n\u00e9gal;<\/p>\n<p>&#8211; Projet de loi autorisant la ratification de l&#8217;accord d&#8217;extradition entre la R\u00e9publique Islamique de Mauritanie et la R\u00e9publique du S\u00e9n\u00e9gal;<\/p>\n<p>&#8211; Projet de loi autorisant la ratification d&#8217;un accord de coop\u00e9ration judiciaire en mati\u00e8re p\u00e9nale entre la R\u00e9publique Islamique de Mauritanie et la R\u00e9publique du S\u00e9n\u00e9gal;<\/p>\n<p>&#8211; Projet de loi autorisant la ratification de la convention sur l&#8217;extradition des condamn\u00e9s entre la R\u00e9publique Islamique de Mauritanie et la R\u00e9publique du S\u00e9n\u00e9gal;<\/p>\n<p>&#8211; Projet de loi modifiant et compl\u00e9tant certaines dispositions de la loi n\u00b0 99-035 du 24 juillet 1999, modifi\u00e9e, portant code de proc\u00e9dure civile, commerciale et administrative;<\/p>\n<p>&#8211; Projet de loi modifiant et compl\u00e9tant certaines dispositions de l&#8217;ordonnance n\u00b0 2007-012 du 08 f\u00e9vrier 2007 relative \u00e0 l&#8217;organisation judiciaire;<\/p>\n<p>&#8211; Un projet de loi abrogeant et rempla\u00e7ant la loi n\u00b0 2013-001 du 02 janvier 2013 portant cr\u00e9ation d&#8217;une zone franche \u00e0 Nouadhibou;<\/p>\n<p>&#8211; Projet de loi autorisant la ratification de l&#8217;accord de pr\u00eat sign\u00e9 entre la R\u00e9publique Islamique de Mauritanie et le Fonds Africain de D\u00e9veloppement, destin\u00e9 \u00e0 financer le projet d&#8217;interconnexion \u00e9lectrique Mauritanie-Mali de 225 kV et le d\u00e9veloppement des centrales solaires associ\u00e9es.<\/p>\n<p>La Conf\u00e9rence des pr\u00e9sidents a d\u00e9cid\u00e9 de renvoyer ces projets de loi aux commissions techniques permanentes comp\u00e9tentes.<\/p>\n","protected":false},"excerpt":{"rendered":"<p>La Conf\u00e9rence des pr\u00e9sidents de l&#8217;Assembl\u00e9e nationale s&#8217;est r\u00e9unie, mardi, sous la pr\u00e9sidence de M. Mohamed Bamba Meguett, pr\u00e9sident de l&#8217;Assembl\u00e9e, en pr\u00e9sence de M. Ahmed Sid\u2019Ahmed Di\u00e9, ministre de la Culture, de la Jeunesse, des Sports et des Relations avec le Parlement. Au cours de la r\u00e9union, la Conf\u00e9rence des pr\u00e9sidents a pris connaissance [&hellip;]<\/p>\n","protected":false},"author":5,"featured_media":244429,"comment_status":"open","ping_status":"open","sticky":false,"template":"","format":"standard","meta":{"footnotes":""},"categories":[63957,63959,63921,63927],"tags":[],"class_list":["post-244428","post","type-post","status-publish","format-standard","has-post-thumbnail","hentry","category-fil-dactualite","category-mauritanie","category-slider-afficher","category-slider-mauritanie"],"_links":{"self":[{"href":"https:\/\/ami.mr\/fr\/wp-json\/wp\/v2\/posts\/244428","targetHints":{"allow":["GET"]}}],"collection":[{"href":"https:\/\/ami.mr\/fr\/wp-json\/wp\/v2\/posts"}],"about":[{"href":"https:\/\/ami.mr\/fr\/wp-json\/wp\/v2\/types\/post"}],"author":[{"embeddable":true,"href":"https:\/\/ami.mr\/fr\/wp-json\/wp\/v2\/users\/5"}],"replies":[{"embeddable":true,"href":"https:\/\/ami.mr\/fr\/wp-json\/wp\/v2\/comments?post=244428"}],"version-history":[{"count":1,"href":"https:\/\/ami.mr\/fr\/wp-json\/wp\/v2\/posts\/244428\/revisions"}],"predecessor-version":[{"id":244430,"href":"https:\/\/ami.mr\/fr\/wp-json\/wp\/v2\/posts\/244428\/revisions\/244430"}],"wp:featuredmedia":[{"embeddable":true,"href":"https:\/\/ami.mr\/fr\/wp-json\/wp\/v2\/media\/244429"}],"wp:attachment":[{"href":"https:\/\/ami.mr\/fr\/wp-json\/wp\/v2\/media?parent=244428"}],"wp:term":[{"taxonomy":"category","embeddable":true,"href":"https:\/\/ami.mr\/fr\/wp-json\/wp\/v2\/categories?post=244428"},{"taxonomy":"post_tag","embeddable":true,"href":"https:\/\/ami.mr\/fr\/wp-json\/wp\/v2\/tags?post=244428"}],"curies":[{"name":"wp","href":"https:\/\/api.w.org\/{rel}","templated":true}]}}