{"id":244315,"date":"2024-04-22T13:00:06","date_gmt":"2024-04-22T13:00:06","guid":{"rendered":"https:\/\/ami.mr\/fr\/?p=244315"},"modified":"2024-04-22T13:00:06","modified_gmt":"2024-04-22T13:00:06","slug":"le-wali-de-linchiri-appelle-a-rapprocher-le-service-public-des-citoyens","status":"publish","type":"post","link":"https:\/\/ami.mr\/fr\/archives\/244315","title":{"rendered":"Le wali de l&#8217;Inchiri appelle \u00e0 rapprocher le service public des citoyens"},"content":{"rendered":"<p>Le wali de l&#8217;Inchiri, M. Idriss Demba Kor\u00e9ra, a soulign\u00e9 que les d\u00e9partements administratifs au niveau de la wilaya sont tenus de mat\u00e9rialiser les instructions des hautes autorit\u00e9s de l\u2019Etat relatives au rapprochement du service public des citoyens et \u00e0 leur traitement de mani\u00e8re respectueuse, soulignant la n\u00e9cessit\u00e9 d&#8217;une interaction positive et responsable avec les usagers de l\u2019administration.<\/p>\n<p>Lors de la r\u00e9union qu&#8217;il a pr\u00e9sid\u00e9e lundi avec les chefs de services r\u00e9gionaux, le wali a indiqu\u00e9 que cette rencontre r\u00e9guli\u00e8re permet d&#8217;\u00e9tudier les d\u00e9veloppements au niveau de la wilaya et d&#8217;\u0153uvrer \u00e0 la r\u00e9solution des probl\u00e8mes et des d\u00e9s\u00e9quilibres observ\u00e9s au niveau local.<\/p>\n<p>Il a soulign\u00e9 la n\u00e9cessit\u00e9 de fournir les services de base li\u00e9s, \u00e0 la sant\u00e9, \u00e0 l\u2019\u00e9ducation, \u00e0 l&#8217;eau et \u00e0 l&#8217;\u00e9lectricit\u00e9, en particulier pendant la saison estivale et le besoin croissant des citoyens en la mati\u00e8re, et de fournir des services qui r\u00e9pondent aux attentes du citoyen, qui est la finalit\u00e9 de tout processus de d\u00e9veloppement.<\/p>\n<p>Les participants ont appr\u00e9ci\u00e9 l&#8217;importance de cette r\u00e9union, qui vient passer en revue et \u00e9tudier les questions soulev\u00e9es au niveau r\u00e9gional et \u00e9tudier les solutions les plus efficaces pour fournir des services durables et efficaces aux citoyens.<\/p>\n<p>La r\u00e9union s&#8217;est d\u00e9roul\u00e9e en pr\u00e9sence de du wali mou\u00e7aid de l&#8217;Inchiri, du hakem d&#8217;Akjoujt, du directeur de cabinet du wali et du conseiller en charge des affaires \u00e9conomiques et du d\u00e9veloppement local.<\/p>\n","protected":false},"excerpt":{"rendered":"<p>Le wali de l&#8217;Inchiri, M. Idriss Demba Kor\u00e9ra, a soulign\u00e9 que les d\u00e9partements administratifs au niveau de la wilaya sont tenus de mat\u00e9rialiser les instructions des hautes autorit\u00e9s de l\u2019Etat relatives au rapprochement du service public des citoyens et \u00e0 leur traitement de mani\u00e8re respectueuse, soulignant la n\u00e9cessit\u00e9 d&#8217;une interaction positive et responsable avec les [&hellip;]<\/p>\n","protected":false},"author":17,"featured_media":244316,"comment_status":"open","ping_status":"open","sticky":false,"template":"","format":"standard","meta":{"footnotes":""},"categories":[63918,63957,8672],"tags":[],"class_list":["post-244315","post","type-post","status-publish","format-standard","has-post-thumbnail","hentry","category-autres","category-fil-dactualite","category-8672"],"_links":{"self":[{"href":"https:\/\/ami.mr\/fr\/wp-json\/wp\/v2\/posts\/244315","targetHints":{"allow":["GET"]}}],"collection":[{"href":"https:\/\/ami.mr\/fr\/wp-json\/wp\/v2\/posts"}],"about":[{"href":"https:\/\/ami.mr\/fr\/wp-json\/wp\/v2\/types\/post"}],"author":[{"embeddable":true,"href":"https:\/\/ami.mr\/fr\/wp-json\/wp\/v2\/users\/17"}],"replies":[{"embeddable":true,"href":"https:\/\/ami.mr\/fr\/wp-json\/wp\/v2\/comments?post=244315"}],"version-history":[{"count":1,"href":"https:\/\/ami.mr\/fr\/wp-json\/wp\/v2\/posts\/244315\/revisions"}],"predecessor-version":[{"id":244317,"href":"https:\/\/ami.mr\/fr\/wp-json\/wp\/v2\/posts\/244315\/revisions\/244317"}],"wp:featuredmedia":[{"embeddable":true,"href":"https:\/\/ami.mr\/fr\/wp-json\/wp\/v2\/media\/244316"}],"wp:attachment":[{"href":"https:\/\/ami.mr\/fr\/wp-json\/wp\/v2\/media?parent=244315"}],"wp:term":[{"taxonomy":"category","embeddable":true,"href":"https:\/\/ami.mr\/fr\/wp-json\/wp\/v2\/categories?post=244315"},{"taxonomy":"post_tag","embeddable":true,"href":"https:\/\/ami.mr\/fr\/wp-json\/wp\/v2\/tags?post=244315"}],"curies":[{"name":"wp","href":"https:\/\/api.w.org\/{rel}","templated":true}]}}