{"id":244292,"date":"2024-04-21T20:17:41","date_gmt":"2024-04-21T20:17:41","guid":{"rendered":"https:\/\/ami.mr\/fr\/?p=244292"},"modified":"2024-04-21T20:17:41","modified_gmt":"2024-04-21T20:17:41","slug":"les-populations-de-nouadhibou-reservent-un-accueil-chaleureux-au-president-de-la-republique","status":"publish","type":"post","link":"https:\/\/ami.mr\/fr\/archives\/244292","title":{"rendered":"Les populations de Nouadhibou r\u00e9servent un accueil chaleureux au Pr\u00e9sident de la R\u00e9publique"},"content":{"rendered":"<div class=\"cell auto-size\">\n<div class=\"set-border bd-gray padding10 margin10 no-margin-right no-margin-left \" dir=\"ltr\">\n<p>Les populations de la wilaya de Dkhlet Nouadhibou ont r\u00e9serv\u00e9 un accueil populaire chaleureux au Pr\u00e9sident de la R\u00e9publique, Son Excellence Monsieur Mohamed Ould Cheikh El Ghazouani \u00e0 son arriv\u00e9e, dimanche soir, dans la ville de Nouadhibou pour une visite de travail dans la wilaya au cours de laquelle il pr\u00e9sidera, lundi, la r\u00e9union du conseil des ministres.<\/p>\n<p>Les populations se sont mass\u00e9es par milliers sur les deux bord de la route menant de l&#8217;a\u00e9roport au palais des h\u00f4tes, brandissant les couleurs nationales et les photos du Pr\u00e9sident de la R\u00e9publique ainsi que les pancartes louant les r\u00e9alisations accomplies au cours des derni\u00e8res ann\u00e9es dans la wilaya et toutes les zones du pays.<\/p>\n<p>&nbsp;<\/p>\n<p>&nbsp;<\/p>\n<p>&nbsp;<\/p>\n<p>&nbsp;<\/p>\n<\/div>\n<\/div>\n","protected":false},"excerpt":{"rendered":"<p>Les populations de la wilaya de Dkhlet Nouadhibou ont r\u00e9serv\u00e9 un accueil populaire chaleureux au Pr\u00e9sident de la R\u00e9publique, Son Excellence Monsieur Mohamed Ould Cheikh El Ghazouani \u00e0 son arriv\u00e9e, dimanche soir, dans la ville de Nouadhibou pour une visite de travail dans la wilaya au cours de laquelle il pr\u00e9sidera, lundi, la r\u00e9union du [&hellip;]<\/p>\n","protected":false},"author":13,"featured_media":244294,"comment_status":"open","ping_status":"open","sticky":false,"template":"","format":"standard","meta":{"footnotes":""},"categories":[63919,63957,25,63921,63926],"tags":[],"class_list":["post-244292","post","type-post","status-publish","format-standard","has-post-thumbnail","hentry","category-choix-du-redacteur","category-fil-dactualite","category-25","category-slider-afficher","category-slider-general"],"_links":{"self":[{"href":"https:\/\/ami.mr\/fr\/wp-json\/wp\/v2\/posts\/244292","targetHints":{"allow":["GET"]}}],"collection":[{"href":"https:\/\/ami.mr\/fr\/wp-json\/wp\/v2\/posts"}],"about":[{"href":"https:\/\/ami.mr\/fr\/wp-json\/wp\/v2\/types\/post"}],"author":[{"embeddable":true,"href":"https:\/\/ami.mr\/fr\/wp-json\/wp\/v2\/users\/13"}],"replies":[{"embeddable":true,"href":"https:\/\/ami.mr\/fr\/wp-json\/wp\/v2\/comments?post=244292"}],"version-history":[{"count":1,"href":"https:\/\/ami.mr\/fr\/wp-json\/wp\/v2\/posts\/244292\/revisions"}],"predecessor-version":[{"id":244295,"href":"https:\/\/ami.mr\/fr\/wp-json\/wp\/v2\/posts\/244292\/revisions\/244295"}],"wp:featuredmedia":[{"embeddable":true,"href":"https:\/\/ami.mr\/fr\/wp-json\/wp\/v2\/media\/244294"}],"wp:attachment":[{"href":"https:\/\/ami.mr\/fr\/wp-json\/wp\/v2\/media?parent=244292"}],"wp:term":[{"taxonomy":"category","embeddable":true,"href":"https:\/\/ami.mr\/fr\/wp-json\/wp\/v2\/categories?post=244292"},{"taxonomy":"post_tag","embeddable":true,"href":"https:\/\/ami.mr\/fr\/wp-json\/wp\/v2\/tags?post=244292"}],"curies":[{"name":"wp","href":"https:\/\/api.w.org\/{rel}","templated":true}]}}