{"id":244289,"date":"2024-04-21T19:40:52","date_gmt":"2024-04-21T19:40:52","guid":{"rendered":"https:\/\/ami.mr\/fr\/?p=244289"},"modified":"2024-04-21T19:40:52","modified_gmt":"2024-04-21T19:40:52","slug":"le-president-de-la-republique-arrive-a-nouadhibou-8","status":"publish","type":"post","link":"https:\/\/ami.mr\/fr\/archives\/244289","title":{"rendered":"Le Pr\u00e9sident de la R\u00e9publique arrive \u00e0 Nouadhibou"},"content":{"rendered":"<div class=\"cell auto-size\">\n<div class=\"set-border bd-gray padding10 margin10 no-margin-right no-margin-left \" dir=\"ltr\">\n<p>Le Pr\u00e9sident de la R\u00e9publique, Son Excellence Monsieur Mohamed Ould Cheikh El Ghazouani est arriv\u00e9, dimanche soir \u00e0 Nouadhibou, capitale de la wilaya de Dakhlet Nouadhibou pour une visite de travail au cours de laquelle il pr\u00e9sidera, lundi, la r\u00e9union du Conseil des ministres.<\/p>\n<p>Le Pr\u00e9sident de la R\u00e9publique a \u00e9t\u00e9 accueilli \u00e0 sa descente d&#8217;avion par le wali de Dakhlet Nouadhibou, M. Mahi Ould Hamed , le commandant de la premi\u00e8re r\u00e9gion militaire , le colonel Ahmedou Ould Sayem le pr\u00e9sident de l&#8217;Autorit\u00e9 de la zone franche de Nouadhibou, M Ba Abdoullaye Mamadou, le pr\u00e9sident du conseil r\u00e9gional de Dakhlet Nouadhibou, M. Mohamed El Mamy ould Ahmed Bezeid, le maire de la commune de Nouadhibou, M. El Ghassem Ould Bellali, le hakem de la moughataa, M. Sid&#8217;Ahmed Ould Houeibib et les d\u00e9put\u00e9s de la wilaya.<\/p>\n<p>Il a \u00e9t\u00e9 aussi accueillis \u00e0 l&#8217;a\u00e9roport par le ministre secr\u00e9taire g\u00e9n\u00e9ral de la Pr\u00e9sidence de la R\u00e9publique, des membres du gouvernement et l&#8217;Administrateur directeur g\u00e9n\u00e9ral de la SNIM.<\/p>\n<p>Le Pr\u00e9sident de la R\u00e9publique a pass\u00e9 en revue des unit\u00e9s des forces arm\u00e9es nationales qui lui ont rendu les honneurs avant de saluer les autorit\u00e9s militaires et s\u00e9curitaire dans la wilaya, le pr\u00e9sident du parti El Insaf, des pr\u00e9sident des partis de la majorit\u00e9, les cadres et les notables de la wilaya.<\/p>\n<\/div>\n<\/div>\n","protected":false},"excerpt":{"rendered":"<p>Le Pr\u00e9sident de la R\u00e9publique, Son Excellence Monsieur Mohamed Ould Cheikh El Ghazouani est arriv\u00e9, dimanche soir \u00e0 Nouadhibou, capitale de la wilaya de Dakhlet Nouadhibou pour une visite de travail au cours de laquelle il pr\u00e9sidera, lundi, la r\u00e9union du Conseil des ministres. Le Pr\u00e9sident de la R\u00e9publique a \u00e9t\u00e9 accueilli \u00e0 sa descente [&hellip;]<\/p>\n","protected":false},"author":13,"featured_media":244290,"comment_status":"open","ping_status":"open","sticky":false,"template":"","format":"standard","meta":{"footnotes":""},"categories":[63919,63957,25,63921,63926],"tags":[],"class_list":["post-244289","post","type-post","status-publish","format-standard","has-post-thumbnail","hentry","category-choix-du-redacteur","category-fil-dactualite","category-25","category-slider-afficher","category-slider-general"],"_links":{"self":[{"href":"https:\/\/ami.mr\/fr\/wp-json\/wp\/v2\/posts\/244289","targetHints":{"allow":["GET"]}}],"collection":[{"href":"https:\/\/ami.mr\/fr\/wp-json\/wp\/v2\/posts"}],"about":[{"href":"https:\/\/ami.mr\/fr\/wp-json\/wp\/v2\/types\/post"}],"author":[{"embeddable":true,"href":"https:\/\/ami.mr\/fr\/wp-json\/wp\/v2\/users\/13"}],"replies":[{"embeddable":true,"href":"https:\/\/ami.mr\/fr\/wp-json\/wp\/v2\/comments?post=244289"}],"version-history":[{"count":1,"href":"https:\/\/ami.mr\/fr\/wp-json\/wp\/v2\/posts\/244289\/revisions"}],"predecessor-version":[{"id":244291,"href":"https:\/\/ami.mr\/fr\/wp-json\/wp\/v2\/posts\/244289\/revisions\/244291"}],"wp:featuredmedia":[{"embeddable":true,"href":"https:\/\/ami.mr\/fr\/wp-json\/wp\/v2\/media\/244290"}],"wp:attachment":[{"href":"https:\/\/ami.mr\/fr\/wp-json\/wp\/v2\/media?parent=244289"}],"wp:term":[{"taxonomy":"category","embeddable":true,"href":"https:\/\/ami.mr\/fr\/wp-json\/wp\/v2\/categories?post=244289"},{"taxonomy":"post_tag","embeddable":true,"href":"https:\/\/ami.mr\/fr\/wp-json\/wp\/v2\/tags?post=244289"}],"curies":[{"name":"wp","href":"https:\/\/api.w.org\/{rel}","templated":true}]}}