{"id":244257,"date":"2024-04-21T11:55:15","date_gmt":"2024-04-21T11:55:15","guid":{"rendered":"https:\/\/ami.mr\/fr\/?p=244257"},"modified":"2024-04-21T11:55:15","modified_gmt":"2024-04-21T11:55:15","slug":"la-municipalite-de-nouadhibou-appuie-la-direction-regionale-de-leducation-avec-des-dizaines-dordinateurs","status":"publish","type":"post","link":"https:\/\/ami.mr\/fr\/archives\/244257","title":{"rendered":"La Municipalit\u00e9 de Nouadhibou appuie la Direction R\u00e9gionale de l\u2019\u00c9ducation avec des dizaines d\u2019ordinateurs"},"content":{"rendered":"<p>Le maire de la Commune de Nouadhibou, M. El Ghassem Ould Bellali, a supervis\u00e9 samedi au si\u00e8ge de la municipalit\u00e9 la distribution de dizaines d\u2019ordinateurs \u00e0 la famille \u00e9ducative \u00e0 Dakhlet Nouadhibou.<\/p>\n<p>Le maire a expliqu\u00e9 que la distribution de ces ordinateurs r\u00e9pond au besoin de la famille \u00e9ducative et r\u00e9affirme le r\u00f4le que la municipalit\u00e9 doit jouer en mati\u00e8re de soutien au syst\u00e8me \u00e9ducatif.<\/p>\n<p>Il a soulign\u00e9 la volont\u00e9 de la commune d\u2019accompagner en permanence la famille \u00e9ducative \u00e0 tous les niveaux.<\/p>\n<p>Pour sa part, le directeur r\u00e9gional de l\u2019\u00e9ducation, M. Mohamed El Moustapha Lemine Vall, a salu\u00e9 ce geste g\u00e9n\u00e9reux, saluant les interventions de la commune dans le domaine de l\u2019\u00e9ducation de base.<\/p>\n<p>L\u2019inspecteur r\u00e9gional de Nouadhibou et le porte-parole des enseignants ont salu\u00e9 cet appui qui r\u00e9pond au besoin urgent du personnel \u00e9ducatif et ne manquera pas d\u2019avoir un effet sur le d\u00e9veloppement des performances du personnel \u00e9ducatif \u00e0 Nouadhibou.<\/p>\n<p>La distribution s\u2019est d\u00e9roul\u00e9e en pr\u00e9sence des membres du conseil municipal, du vice-pr\u00e9sident de l\u2019Association r\u00e9gionale des parents d\u2019\u00e9l\u00e8ves, des \u00e9l\u00e8ves, des enseignants, des inspecteurs et des directeurs d\u2019\u00e9coles primaires de Nouadhibou.<\/p>\n","protected":false},"excerpt":{"rendered":"<p>Le maire de la Commune de Nouadhibou, M. El Ghassem Ould Bellali, a supervis\u00e9 samedi au si\u00e8ge de la municipalit\u00e9 la distribution de dizaines d\u2019ordinateurs \u00e0 la famille \u00e9ducative \u00e0 Dakhlet Nouadhibou. Le maire a expliqu\u00e9 que la distribution de ces ordinateurs r\u00e9pond au besoin de la famille \u00e9ducative et r\u00e9affirme le r\u00f4le que la [&hellip;]<\/p>\n","protected":false},"author":16,"featured_media":244259,"comment_status":"open","ping_status":"open","sticky":false,"template":"","format":"standard","meta":{"footnotes":""},"categories":[63918,63957,8672],"tags":[],"class_list":["post-244257","post","type-post","status-publish","format-standard","has-post-thumbnail","hentry","category-autres","category-fil-dactualite","category-8672"],"_links":{"self":[{"href":"https:\/\/ami.mr\/fr\/wp-json\/wp\/v2\/posts\/244257","targetHints":{"allow":["GET"]}}],"collection":[{"href":"https:\/\/ami.mr\/fr\/wp-json\/wp\/v2\/posts"}],"about":[{"href":"https:\/\/ami.mr\/fr\/wp-json\/wp\/v2\/types\/post"}],"author":[{"embeddable":true,"href":"https:\/\/ami.mr\/fr\/wp-json\/wp\/v2\/users\/16"}],"replies":[{"embeddable":true,"href":"https:\/\/ami.mr\/fr\/wp-json\/wp\/v2\/comments?post=244257"}],"version-history":[{"count":1,"href":"https:\/\/ami.mr\/fr\/wp-json\/wp\/v2\/posts\/244257\/revisions"}],"predecessor-version":[{"id":244260,"href":"https:\/\/ami.mr\/fr\/wp-json\/wp\/v2\/posts\/244257\/revisions\/244260"}],"wp:featuredmedia":[{"embeddable":true,"href":"https:\/\/ami.mr\/fr\/wp-json\/wp\/v2\/media\/244259"}],"wp:attachment":[{"href":"https:\/\/ami.mr\/fr\/wp-json\/wp\/v2\/media?parent=244257"}],"wp:term":[{"taxonomy":"category","embeddable":true,"href":"https:\/\/ami.mr\/fr\/wp-json\/wp\/v2\/categories?post=244257"},{"taxonomy":"post_tag","embeddable":true,"href":"https:\/\/ami.mr\/fr\/wp-json\/wp\/v2\/tags?post=244257"}],"curies":[{"name":"wp","href":"https:\/\/api.w.org\/{rel}","templated":true}]}}