{"id":244224,"date":"2024-04-20T17:40:00","date_gmt":"2024-04-20T17:40:00","guid":{"rendered":"https:\/\/ami.mr\/fr\/?p=244224"},"modified":"2024-04-21T12:08:51","modified_gmt":"2024-04-21T12:08:51","slug":"le-ministere-des-affaires-etrangeres-informe-lambassadeur-malien-de-ses-protestations-contre-les-exactions-subies-par-des-mauritaniens","status":"publish","type":"post","link":"https:\/\/ami.mr\/fr\/archives\/244224","title":{"rendered":"Le minist\u00e8re des affaires \u00e9trang\u00e8res informe l&#8217;ambassadeur malien de ses protestations contre les exactions subies par des Mauritaniens"},"content":{"rendered":"<p>Le minist\u00e8re des affaires \u00e9trang\u00e8res, de la coop\u00e9ration et des Mauritaniens de l\u2019ext\u00e9rieur a convoqu\u00e9, vendredi 19 avril 2024, l&#8217;ambassadeur de la R\u00e9publique du Mali accr\u00e9dit\u00e9 \u00e0 Nouakchott pour lui faire part de ses protestations contre les exactions r\u00e9p\u00e9t\u00e9es subies par de paisibles citoyens Mauritaniens sur le territoire malien.<\/p>\n<p>C&#8217;est ce que rapporte un communiqu\u00e9 du minist\u00e8re des affaires \u00e9trang\u00e8res, de la coop\u00e9ration et des Mauritaniens de l\u2019ext\u00e9rieur dont copie est parvenue \u00e0 l&#8217;AMI et dont voici la traduction :<\/p>\n<p>&#8221; Le minist\u00e8re des affaires \u00e9trang\u00e8res, de la coop\u00e9ration et des Mauritaniens de l\u2019ext\u00e9rieur a convoqu\u00e9, vendredi 19 avril 2024, l&#8217;ambassadeur de la R\u00e9publique du Mali accr\u00e9dit\u00e9 \u00e0 Nouakchott pour lui faire part de ses protestations contre les exactions r\u00e9p\u00e9t\u00e9es subies par de paisibles citoyens Mauritaniens sur le territoire malien.<\/p>\n<p>Cette situation aucunement acceptable se poursuit malgr\u00e9 les mise en garde que notre pays ne cesse de faire \u00e0 chaque fois que surviennent pareils incidents, partant du principe de la n\u00e9cessit\u00e9 de pr\u00e9server les relations de bon voisinage et de coop\u00e9ration entre les deux peuples Mauritanien et Malien et les int\u00e9r\u00eats communs entre les deux pays.<\/p>\n<p>Le Minist\u00e8re a informer l&#8217;ambassadeur Malien que le gouvernement mauritanien attend du gouvernement Malien des \u00e9claircissements sur ces \u00e9v\u00e9nements douloureux.<\/p>\n<p>Dans ce cadre, M. le ministre de la D\u00e9fense nationale s&#8217;est rendu hier \u00e0 Bamako porteur d&#8217;un message clair sur la question.<\/p>\n","protected":false},"excerpt":{"rendered":"<p>Le minist\u00e8re des affaires \u00e9trang\u00e8res, de la coop\u00e9ration et des Mauritaniens de l\u2019ext\u00e9rieur a convoqu\u00e9, vendredi 19 avril 2024, l&#8217;ambassadeur de la R\u00e9publique du Mali accr\u00e9dit\u00e9 \u00e0 Nouakchott pour lui faire part de ses protestations contre les exactions r\u00e9p\u00e9t\u00e9es subies par de paisibles citoyens Mauritaniens sur le territoire malien. C&#8217;est ce que rapporte un communiqu\u00e9 [&hellip;]<\/p>\n","protected":false},"author":13,"featured_media":244225,"comment_status":"open","ping_status":"open","sticky":false,"template":"","format":"standard","meta":{"footnotes":""},"categories":[63919,63957,63959,63921,63927],"tags":[],"class_list":["post-244224","post","type-post","status-publish","format-standard","has-post-thumbnail","hentry","category-choix-du-redacteur","category-fil-dactualite","category-mauritanie","category-slider-afficher","category-slider-mauritanie"],"_links":{"self":[{"href":"https:\/\/ami.mr\/fr\/wp-json\/wp\/v2\/posts\/244224","targetHints":{"allow":["GET"]}}],"collection":[{"href":"https:\/\/ami.mr\/fr\/wp-json\/wp\/v2\/posts"}],"about":[{"href":"https:\/\/ami.mr\/fr\/wp-json\/wp\/v2\/types\/post"}],"author":[{"embeddable":true,"href":"https:\/\/ami.mr\/fr\/wp-json\/wp\/v2\/users\/13"}],"replies":[{"embeddable":true,"href":"https:\/\/ami.mr\/fr\/wp-json\/wp\/v2\/comments?post=244224"}],"version-history":[{"count":1,"href":"https:\/\/ami.mr\/fr\/wp-json\/wp\/v2\/posts\/244224\/revisions"}],"predecessor-version":[{"id":244226,"href":"https:\/\/ami.mr\/fr\/wp-json\/wp\/v2\/posts\/244224\/revisions\/244226"}],"wp:featuredmedia":[{"embeddable":true,"href":"https:\/\/ami.mr\/fr\/wp-json\/wp\/v2\/media\/244225"}],"wp:attachment":[{"href":"https:\/\/ami.mr\/fr\/wp-json\/wp\/v2\/media?parent=244224"}],"wp:term":[{"taxonomy":"category","embeddable":true,"href":"https:\/\/ami.mr\/fr\/wp-json\/wp\/v2\/categories?post=244224"},{"taxonomy":"post_tag","embeddable":true,"href":"https:\/\/ami.mr\/fr\/wp-json\/wp\/v2\/tags?post=244224"}],"curies":[{"name":"wp","href":"https:\/\/api.w.org\/{rel}","templated":true}]}}