{"id":244115,"date":"2024-04-18T18:13:17","date_gmt":"2024-04-18T18:13:17","guid":{"rendered":"https:\/\/ami.mr\/fr\/?p=244115"},"modified":"2024-04-18T18:13:17","modified_gmt":"2024-04-18T18:13:17","slug":"kaedi-lancement-dun-atelier-sur-la-securite-alimentaire-dans-la-wilaya","status":"publish","type":"post","link":"https:\/\/ami.mr\/fr\/archives\/244115","title":{"rendered":"Ka\u00e9di : lancement d&#8217;un atelier sur la s\u00e9curit\u00e9 alimentaire dans la Wilaya"},"content":{"rendered":"<div class=\"row\"><\/div>\n<div class=\"row\">\n<div class=\"cell auto-size\">\n<div class=\"set-border bd-gray padding10 margin10 no-margin-right no-margin-left \" dir=\"ltr\">\n<p>Le conseiller du wali de Gorgol charg\u00e9 des affaires \u00e9conomiques, M. Ahmedou Jiddou Mohamed Mahmoud Ahmed Taleb, a supervis\u00e9, jeudi \u00e0 Ka\u00e9di, le lancement d&#8217;un atelier sur la s\u00e9curit\u00e9 alimentaire et le d\u00e9veloppement, organis\u00e9 par l&#8217;association mauritanienne pour l&#8217;auto-d\u00e9veloppement.<\/p>\n<p>L&#8217;atelier, de deux jours, auquel participent tous les secteurs concern\u00e9s par l&#8217;agriculture dans la Wilaya, vise \u00e0 discuter des r\u00e9alit\u00e9s de l&#8217;agriculture et des moyens d\u2019assurer l&#8217;autosuffisance alimentaire, avec l&#8217;appui de l&#8217;association, en coop\u00e9ration avec les autorit\u00e9s de la Wilaya.<\/p>\n<p>Dans son intervention, le conseiller a soulign\u00e9 que l&#8217;organisation de cet atelier s&#8217;inscrit dans le cadre de l&#8217;\u00e9change d&#8217;exp\u00e9riences en mati\u00e8re de s\u00e9curit\u00e9 alimentaire et d&#8217;auto-d\u00e9veloppement dans la Wilaya adopt\u00e9 par l&#8217;Association Mauritanienne pour l&#8217;Auto-d\u00e9veloppement et financ\u00e9 par la Coop\u00e9ration Espagnole, en application des directives de Son Excellence le Pr\u00e9sident de la R\u00e9publique Monsieur Mohamed Ould Cheikh Ghazouani et du gouvernement du Premier ministre M. Mohamed Bilal Messaoud.<\/p>\n<p>De son c\u00f4t\u00e9, l&#8217;adjoint au maire de la commune de Ka\u00e9di, M. Abou Ciss\u00e9, a remerci\u00e9 les organisateurs pour leurs efforts dans le domaine de l&#8217;agriculture, les appelant \u00e0 accro\u00eetre la coop\u00e9ration et \u00e0 travailler davantage avec les autorit\u00e9s locales et invitant les participants \u00e0 tirer le meilleur profit possible des pr\u00e9sentations qui leur seront faites.<\/p>\n<p>A son tour, le repr\u00e9sentant de la FAO, M. Abdallahi Baba Tour\u00e9, a soulign\u00e9 que l&#8217;organisation travaillera en partenariat avec les autorit\u00e9s de la Wilaya pour continuer \u00e0 \u0153uvrer au d\u00e9veloppement de l&#8217;agriculture au Gorgol en vue d\u2019atteindre l&#8217;autosuffisance alimentaire, pr\u00e9cisant que les participants \u00e0 l&#8217;atelier discuteront de tous les probl\u00e8mes et obstacles qui emp\u00eachent le d\u00e9veloppement de l&#8217;agriculture et prendront en consid\u00e9ration ses r\u00e9sultats.<\/p>\n<p>Le lancement de l\u2019atelier s\u2019est d\u00e9roul\u00e9 en pr\u00e9sence du hakem de Ka\u00e9di, des chefs des services r\u00e9gionaux, au c\u00f4t\u00e9 de nombre de personnes int\u00e9ress\u00e9es par le domaine agricole dans<\/p>\n<\/div>\n<\/div>\n<\/div>\n","protected":false},"excerpt":{"rendered":"<p>Le conseiller du wali de Gorgol charg\u00e9 des affaires \u00e9conomiques, M. Ahmedou Jiddou Mohamed Mahmoud Ahmed Taleb, a supervis\u00e9, jeudi \u00e0 Ka\u00e9di, le lancement d&#8217;un atelier sur la s\u00e9curit\u00e9 alimentaire et le d\u00e9veloppement, organis\u00e9 par l&#8217;association mauritanienne pour l&#8217;auto-d\u00e9veloppement. L&#8217;atelier, de deux jours, auquel participent tous les secteurs concern\u00e9s par l&#8217;agriculture dans la Wilaya, vise [&hellip;]<\/p>\n","protected":false},"author":8,"featured_media":244116,"comment_status":"open","ping_status":"open","sticky":false,"template":"","format":"standard","meta":{"footnotes":""},"categories":[63918,63957],"tags":[],"class_list":["post-244115","post","type-post","status-publish","format-standard","has-post-thumbnail","hentry","category-autres","category-fil-dactualite"],"_links":{"self":[{"href":"https:\/\/ami.mr\/fr\/wp-json\/wp\/v2\/posts\/244115","targetHints":{"allow":["GET"]}}],"collection":[{"href":"https:\/\/ami.mr\/fr\/wp-json\/wp\/v2\/posts"}],"about":[{"href":"https:\/\/ami.mr\/fr\/wp-json\/wp\/v2\/types\/post"}],"author":[{"embeddable":true,"href":"https:\/\/ami.mr\/fr\/wp-json\/wp\/v2\/users\/8"}],"replies":[{"embeddable":true,"href":"https:\/\/ami.mr\/fr\/wp-json\/wp\/v2\/comments?post=244115"}],"version-history":[{"count":1,"href":"https:\/\/ami.mr\/fr\/wp-json\/wp\/v2\/posts\/244115\/revisions"}],"predecessor-version":[{"id":244117,"href":"https:\/\/ami.mr\/fr\/wp-json\/wp\/v2\/posts\/244115\/revisions\/244117"}],"wp:featuredmedia":[{"embeddable":true,"href":"https:\/\/ami.mr\/fr\/wp-json\/wp\/v2\/media\/244116"}],"wp:attachment":[{"href":"https:\/\/ami.mr\/fr\/wp-json\/wp\/v2\/media?parent=244115"}],"wp:term":[{"taxonomy":"category","embeddable":true,"href":"https:\/\/ami.mr\/fr\/wp-json\/wp\/v2\/categories?post=244115"},{"taxonomy":"post_tag","embeddable":true,"href":"https:\/\/ami.mr\/fr\/wp-json\/wp\/v2\/tags?post=244115"}],"curies":[{"name":"wp","href":"https:\/\/api.w.org\/{rel}","templated":true}]}}