{"id":244103,"date":"2024-04-18T17:29:04","date_gmt":"2024-04-18T17:29:04","guid":{"rendered":"https:\/\/ami.mr\/fr\/?p=244103"},"modified":"2024-04-18T17:29:04","modified_gmt":"2024-04-18T17:29:04","slug":"le-ministre-des-affaires-etrangeres-rencontre-son-homologue-japonaise","status":"publish","type":"post","link":"https:\/\/ami.mr\/fr\/archives\/244103","title":{"rendered":"Le ministre des Affaires \u00e9trang\u00e8res rencontre son homologue japonaise"},"content":{"rendered":"<div class=\"row\"><\/div>\n<div class=\"row\">\n<div class=\"cell auto-size\">\n<div class=\"set-border bd-gray padding10 margin10 no-margin-right no-margin-left \" dir=\"ltr\">\n<p>Le ministre des Affaires Etrang\u00e8res, de la Coop\u00e9ration et des Mauritaniens de l&#8217;Ext\u00e9rieur, M. Mohamed Salem Ould Merzoug, pr\u00e9sident du Conseil ex\u00e9cutif de l&#8217;Union Africaine, a rencontr\u00e9, jeudi la ministre des Affaires Etrang\u00e8res de l&#8217;Empire du Japon, Mme Kamikawa Yoko, en marge des r\u00e9unions des ministres des Affaires \u00e9trang\u00e8res du G7 qui se tiennent \u00e0 Rome.<\/p>\n<p>La r\u00e9union a port\u00e9 sur les excellentes relations de coop\u00e9ration existantes entre les deux pays et sur les moyens de les renforcer au service des int\u00e9r\u00eats des deux peuples amis, ainsi que sur les questions d&#8217;int\u00e9r\u00eat commun.<\/p>\n<p>Ont particip\u00e9 \u00e0 la r\u00e9union MM : Mohamed Mahmoud Ould Dahi, ambassadeur de Mauritanie \u00e0 Rome, l&#8217;ambassadeur conseiller charg\u00e9 des questions g\u00e9n\u00e9rales Echraf Abdoul, et l&#8217;ambassadeur directeur de l&#8217;Union Africaine et des organisations r\u00e9gionales \u00e0 la direction g\u00e9n\u00e9rale de la coop\u00e9ration multilat\u00e9rale Diakhit\u00e9 Moustapha.<\/p>\n<\/div>\n<\/div>\n<\/div>\n","protected":false},"excerpt":{"rendered":"<p>Le ministre des Affaires Etrang\u00e8res, de la Coop\u00e9ration et des Mauritaniens de l&#8217;Ext\u00e9rieur, M. Mohamed Salem Ould Merzoug, pr\u00e9sident du Conseil ex\u00e9cutif de l&#8217;Union Africaine, a rencontr\u00e9, jeudi la ministre des Affaires Etrang\u00e8res de l&#8217;Empire du Japon, Mme Kamikawa Yoko, en marge des r\u00e9unions des ministres des Affaires \u00e9trang\u00e8res du G7 qui se tiennent \u00e0 [&hellip;]<\/p>\n","protected":false},"author":8,"featured_media":244104,"comment_status":"open","ping_status":"open","sticky":false,"template":"","format":"standard","meta":{"footnotes":""},"categories":[63918,63957],"tags":[],"class_list":["post-244103","post","type-post","status-publish","format-standard","has-post-thumbnail","hentry","category-autres","category-fil-dactualite"],"_links":{"self":[{"href":"https:\/\/ami.mr\/fr\/wp-json\/wp\/v2\/posts\/244103","targetHints":{"allow":["GET"]}}],"collection":[{"href":"https:\/\/ami.mr\/fr\/wp-json\/wp\/v2\/posts"}],"about":[{"href":"https:\/\/ami.mr\/fr\/wp-json\/wp\/v2\/types\/post"}],"author":[{"embeddable":true,"href":"https:\/\/ami.mr\/fr\/wp-json\/wp\/v2\/users\/8"}],"replies":[{"embeddable":true,"href":"https:\/\/ami.mr\/fr\/wp-json\/wp\/v2\/comments?post=244103"}],"version-history":[{"count":1,"href":"https:\/\/ami.mr\/fr\/wp-json\/wp\/v2\/posts\/244103\/revisions"}],"predecessor-version":[{"id":244105,"href":"https:\/\/ami.mr\/fr\/wp-json\/wp\/v2\/posts\/244103\/revisions\/244105"}],"wp:featuredmedia":[{"embeddable":true,"href":"https:\/\/ami.mr\/fr\/wp-json\/wp\/v2\/media\/244104"}],"wp:attachment":[{"href":"https:\/\/ami.mr\/fr\/wp-json\/wp\/v2\/media?parent=244103"}],"wp:term":[{"taxonomy":"category","embeddable":true,"href":"https:\/\/ami.mr\/fr\/wp-json\/wp\/v2\/categories?post=244103"},{"taxonomy":"post_tag","embeddable":true,"href":"https:\/\/ami.mr\/fr\/wp-json\/wp\/v2\/tags?post=244103"}],"curies":[{"name":"wp","href":"https:\/\/api.w.org\/{rel}","templated":true}]}}