{"id":244075,"date":"2024-04-18T14:01:38","date_gmt":"2024-04-18T14:01:38","guid":{"rendered":"https:\/\/ami.mr\/fr\/?p=244075"},"modified":"2024-04-18T14:01:38","modified_gmt":"2024-04-18T14:01:38","slug":"la-delegation-mauritanienne-sentretient-avec-le-directeur-general-adjoint-du-fmi","status":"publish","type":"post","link":"https:\/\/ami.mr\/fr\/archives\/244075","title":{"rendered":"La d\u00e9l\u00e9gation mauritanienne s\u2019entretient avec le directeur g\u00e9n\u00e9ral adjoint du FMI"},"content":{"rendered":"<p>La d\u00e9l\u00e9gation mauritanienne participant aux r\u00e9unions de printemps 2024 organis\u00e9es par les institutions de Bretton Woods du 15 au 20 avril \u00e0 Washington a eu une s\u00e9ance de travail avec le directeur g\u00e9n\u00e9ral adjoint du Fonds mon\u00e9taire international (FMI), M. Kenji Okamura.<\/p>\n<p>La s\u00e9ance a \u00e9t\u00e9 consacr\u00e9e \u00e0 la discussion du programme de r\u00e9forme \u00e9conomique adopt\u00e9 par la Mauritanie avec le soutien du Fonds ; programme qui vise \u00e0 maintenir la stabilit\u00e9 macro\u00e9conomique, \u00e0 renforcer les cadres de politique fiscale et mon\u00e9taire, \u00e0 soutenir une croissance durable et \u00e0 r\u00e9duire la pauvret\u00e9.<\/p>\n<p>Ont pris part \u00e0 la session le ministre des Affaires \u00e9conomiques et du D\u00e9veloppement durable, le ministre des Finances, le Gouverneur de la Banque Centrale, l&#8217;ambassadeur de Mauritanie \u00e0 Washington, des conseillers du Pr\u00e9sident de la R\u00e9publique et du Premier ministre, et l&#8217;inspecteur g\u00e9n\u00e9ral d\u2019\u00c9tat.<\/p>\n","protected":false},"excerpt":{"rendered":"<p>La d\u00e9l\u00e9gation mauritanienne participant aux r\u00e9unions de printemps 2024 organis\u00e9es par les institutions de Bretton Woods du 15 au 20 avril \u00e0 Washington a eu une s\u00e9ance de travail avec le directeur g\u00e9n\u00e9ral adjoint du Fonds mon\u00e9taire international (FMI), M. Kenji Okamura. La s\u00e9ance a \u00e9t\u00e9 consacr\u00e9e \u00e0 la discussion du programme de r\u00e9forme \u00e9conomique [&hellip;]<\/p>\n","protected":false},"author":2,"featured_media":244076,"comment_status":"open","ping_status":"open","sticky":false,"template":"","format":"standard","meta":{"footnotes":""},"categories":[63920,63957,25],"tags":[],"class_list":["post-244075","post","type-post","status-publish","format-standard","has-post-thumbnail","hentry","category-a-la-une","category-fil-dactualite","category-25"],"_links":{"self":[{"href":"https:\/\/ami.mr\/fr\/wp-json\/wp\/v2\/posts\/244075","targetHints":{"allow":["GET"]}}],"collection":[{"href":"https:\/\/ami.mr\/fr\/wp-json\/wp\/v2\/posts"}],"about":[{"href":"https:\/\/ami.mr\/fr\/wp-json\/wp\/v2\/types\/post"}],"author":[{"embeddable":true,"href":"https:\/\/ami.mr\/fr\/wp-json\/wp\/v2\/users\/2"}],"replies":[{"embeddable":true,"href":"https:\/\/ami.mr\/fr\/wp-json\/wp\/v2\/comments?post=244075"}],"version-history":[{"count":1,"href":"https:\/\/ami.mr\/fr\/wp-json\/wp\/v2\/posts\/244075\/revisions"}],"predecessor-version":[{"id":244077,"href":"https:\/\/ami.mr\/fr\/wp-json\/wp\/v2\/posts\/244075\/revisions\/244077"}],"wp:featuredmedia":[{"embeddable":true,"href":"https:\/\/ami.mr\/fr\/wp-json\/wp\/v2\/media\/244076"}],"wp:attachment":[{"href":"https:\/\/ami.mr\/fr\/wp-json\/wp\/v2\/media?parent=244075"}],"wp:term":[{"taxonomy":"category","embeddable":true,"href":"https:\/\/ami.mr\/fr\/wp-json\/wp\/v2\/categories?post=244075"},{"taxonomy":"post_tag","embeddable":true,"href":"https:\/\/ami.mr\/fr\/wp-json\/wp\/v2\/tags?post=244075"}],"curies":[{"name":"wp","href":"https:\/\/api.w.org\/{rel}","templated":true}]}}