{"id":244066,"date":"2024-04-18T14:32:05","date_gmt":"2024-04-18T14:32:05","guid":{"rendered":"https:\/\/ami.mr\/fr\/?p=244066"},"modified":"2024-04-18T14:32:05","modified_gmt":"2024-04-18T14:32:05","slug":"concertation-a-nouadhibou-sur-le-developpement-de-leducation-prescolaire","status":"publish","type":"post","link":"https:\/\/ami.mr\/fr\/archives\/244066","title":{"rendered":"Concertation \u00e0 Nouadhibou sur le d\u00e9veloppement de l&#8217;\u00e9ducation pr\u00e9scolaire"},"content":{"rendered":"<p>Le directeur de cabinet du wali de Dakhlet Nouadhibou, M. Mohamedou Moulaye Beydi, a supervis\u00e9, jeudi \u00e0 Nouadhibou, la c\u00e9r\u00e9monie d\u2019ouverture d\u2019un atelier de concertation sur les orientations strat\u00e9giques pour le d\u00e9veloppement de l&#8217;\u00e9ducation pr\u00e9scolaire.<\/p>\n<p>Des repr\u00e9sentants des wilayas de l&#8217;Adrar, de Dakhlet Nouadhibou, du Tiris Zemmour et de l&#8217;Inchiri participent \u00e0 cet atelier qui est le dernier d\u2019une s\u00e9rie de quatre ateliers dont les trois pr\u00e9c\u00e9dents se sont tenus \u00e0 Nouakchott, au Gorgol et en Assaba, qui ont permis des \u00e9change et des concertations entre tous les acteurs du domaine pour faire le diagnostic de l&#8217;\u00e9ducation pr\u00e9scolaire.<\/p>\n<p>Dans son allocution \u00e0 cette occasion, le directeur de cabinet du wali de Dakhlet Nouadhibou a mis en exergue le r\u00f4le jou\u00e9 par le minist\u00e8re de l&#8217;Action sociale, de l&#8217;Enfance et de la Famille dans la mise en \u0153uvre des engagements du Pr\u00e9sident de la R\u00e9publique, Monsieur Mohamed Ould Cheikh El Ghazouani, pour lancer un programme national multisectoriel de d\u00e9veloppement de l&#8217;enseignement pr\u00e9scolaire impliquant tous les secteurs concern\u00e9s au cours de l&#8217;ann\u00e9e acad\u00e9mique 2022-2023.<\/p>\n<p>Il a ajout\u00e9 que cet atelier s&#8217;inscrit dans le cadre du processus d&#8217;\u00e9laboration de la strat\u00e9gie nationale de l&#8217;enseignement pr\u00e9scolaire qui constituera un document de r\u00e9f\u00e9rence et un point de d\u00e9part fondamental pour le d\u00e9veloppement de ce type d&#8217;enseignement en fixant les axes d&#8217;intervention n\u00e9cessaires.<\/p>\n<p>A son tour, l&#8217;adjointe au maire de la commune de Nouadhibou, Mme Mana Mint Chakar, a insist\u00e9 sur l&#8217;importance du r\u00f4le pivot de l&#8217;enseignement pr\u00e9scolaire dans le processus \u00e9ducatif \u00e0 travers la pr\u00e9paration et l&#8217;\u00e9ducation des g\u00e9n\u00e9rations, mettant en exergue les efforts de la municipalit\u00e9 de la ville dans ce domaine.<\/p>\n<p>Pour sa part, Mme Khadija Mint Mohamed Salem, charg\u00e9e de programme \u00e9ducation au Fonds des Nations Unies pour l&#8217;enfance (UNICEF), a exprim\u00e9 son honneur de participer \u00e0 l&#8217;ouverture de cet atelier qui s&#8217;inscrit dans le cadre des objectifs g\u00e9n\u00e9raux du d\u00e9veloppement, appelant \u00e0 saisir l&#8217;opportunit\u00e9 de la pr\u00e9sence des mahadaras pour les int\u00e9grer dans l&#8217;enseignement pr\u00e9scolaire afin de pr\u00e9parer l&#8217;enfant \u00e0 l&#8217;\u00e9ducation, compte tenu de la sp\u00e9cificit\u00e9 des mahadaras mauritaniennes en tant que partie int\u00e9grante de la culture originelle du pays.<\/p>\n<p>L&#8217;ouverture de l&#8217;atelier s&#8217;est d\u00e9roul\u00e9e en pr\u00e9sence de M. Saleck Ould Jeireb, directeur de la coop\u00e9ration et du suivi au minist\u00e8re de l&#8217;Action sociale, de l&#8217;Enfance et de la Famille, et de Mme Mamme Mint kbar, directrice r\u00e9gionale du m\u00eame d\u00e9partement minist\u00e9riel.<\/p>\n","protected":false},"excerpt":{"rendered":"<p>Le directeur de cabinet du wali de Dakhlet Nouadhibou, M. Mohamedou Moulaye Beydi, a supervis\u00e9, jeudi \u00e0 Nouadhibou, la c\u00e9r\u00e9monie d\u2019ouverture d\u2019un atelier de concertation sur les orientations strat\u00e9giques pour le d\u00e9veloppement de l&#8217;\u00e9ducation pr\u00e9scolaire. Des repr\u00e9sentants des wilayas de l&#8217;Adrar, de Dakhlet Nouadhibou, du Tiris Zemmour et de l&#8217;Inchiri participent \u00e0 cet atelier qui [&hellip;]<\/p>\n","protected":false},"author":16,"featured_media":244080,"comment_status":"open","ping_status":"open","sticky":false,"template":"","format":"standard","meta":{"footnotes":""},"categories":[63918,63957,8672],"tags":[],"class_list":["post-244066","post","type-post","status-publish","format-standard","has-post-thumbnail","hentry","category-autres","category-fil-dactualite","category-8672"],"_links":{"self":[{"href":"https:\/\/ami.mr\/fr\/wp-json\/wp\/v2\/posts\/244066","targetHints":{"allow":["GET"]}}],"collection":[{"href":"https:\/\/ami.mr\/fr\/wp-json\/wp\/v2\/posts"}],"about":[{"href":"https:\/\/ami.mr\/fr\/wp-json\/wp\/v2\/types\/post"}],"author":[{"embeddable":true,"href":"https:\/\/ami.mr\/fr\/wp-json\/wp\/v2\/users\/16"}],"replies":[{"embeddable":true,"href":"https:\/\/ami.mr\/fr\/wp-json\/wp\/v2\/comments?post=244066"}],"version-history":[{"count":1,"href":"https:\/\/ami.mr\/fr\/wp-json\/wp\/v2\/posts\/244066\/revisions"}],"predecessor-version":[{"id":244081,"href":"https:\/\/ami.mr\/fr\/wp-json\/wp\/v2\/posts\/244066\/revisions\/244081"}],"wp:featuredmedia":[{"embeddable":true,"href":"https:\/\/ami.mr\/fr\/wp-json\/wp\/v2\/media\/244080"}],"wp:attachment":[{"href":"https:\/\/ami.mr\/fr\/wp-json\/wp\/v2\/media?parent=244066"}],"wp:term":[{"taxonomy":"category","embeddable":true,"href":"https:\/\/ami.mr\/fr\/wp-json\/wp\/v2\/categories?post=244066"},{"taxonomy":"post_tag","embeddable":true,"href":"https:\/\/ami.mr\/fr\/wp-json\/wp\/v2\/tags?post=244066"}],"curies":[{"name":"wp","href":"https:\/\/api.w.org\/{rel}","templated":true}]}}