{"id":243782,"date":"2024-04-15T10:33:51","date_gmt":"2024-04-15T10:33:51","guid":{"rendered":"https:\/\/ami.mr\/fr\/?p=243782"},"modified":"2024-04-15T10:33:51","modified_gmt":"2024-04-15T10:33:51","slug":"la-ministre-de-laction-sociale-se-rend-a-rabat","status":"publish","type":"post","link":"https:\/\/ami.mr\/fr\/archives\/243782","title":{"rendered":"La ministre de l&#8217;Action sociale se rend \u00e0 Rabat"},"content":{"rendered":"<p>La ministre de l&#8217;Action sociale, de l&#8217;Enfance et de la Famille, Mme Savia Ntahah, a quitt\u00e9 Nouakchott lundi matin \u00e0 destination de Rabat o\u00f9 elle participera au colloque scientifique sur la situation de l&#8217;\u00e9ducation des filles dans le monde arabe et islamique que la capitale marocaine accueille du 17 au 19 avril courant.<\/p>\n<p>Le colloque, organis\u00e9 en coop\u00e9ration entre l&#8217;Organisation de la Femme Arabe et l&#8217;Organisation Mondiale Islamique (ISESCO), vise \u00e0 faire le point sur l\u2019\u00e9tat de l&#8217;\u00e9ducation des filles dans le monde arabe et islamique.<\/p>\n<p>L\u2019ISESCO se fixe pour objectif, \u00e0 travers cette rencontre, de dresser un constat sur la situation des filles et des femmes dans le domaine de l&#8217;\u00e9ducation, de fournir les connaissances et les outils n\u00e9cessaires \u00e0 l&#8217;am\u00e9lioration de cette, ainsi que de consulter les responsables politiques et les d\u00e9cideurs de la r\u00e9gion et les partenaires r\u00e9gionaux, sur ces questions.<\/p>\n<p>Il s\u2019agit aussi de cr\u00e9er une base de donn\u00e9es strat\u00e9gique pour formuler un agenda r\u00e9gional complet pour le droit des filles \u00e0 l&#8217;\u00e9ducation.<\/p>\n<p>Au cours de ce voyage la ministre est accompagn\u00e9e de la directrice du Centre de formation pour l&#8217;autonomisation des femmes, Mme Mint Je\u00efreb.<\/p>\n","protected":false},"excerpt":{"rendered":"<p>La ministre de l&#8217;Action sociale, de l&#8217;Enfance et de la Famille, Mme Savia Ntahah, a quitt\u00e9 Nouakchott lundi matin \u00e0 destination de Rabat o\u00f9 elle participera au colloque scientifique sur la situation de l&#8217;\u00e9ducation des filles dans le monde arabe et islamique que la capitale marocaine accueille du 17 au 19 avril courant. Le colloque, [&hellip;]<\/p>\n","protected":false},"author":16,"featured_media":243784,"comment_status":"open","ping_status":"open","sticky":false,"template":"","format":"standard","meta":{"footnotes":""},"categories":[63918,63957,25],"tags":[],"class_list":["post-243782","post","type-post","status-publish","format-standard","has-post-thumbnail","hentry","category-autres","category-fil-dactualite","category-25"],"_links":{"self":[{"href":"https:\/\/ami.mr\/fr\/wp-json\/wp\/v2\/posts\/243782","targetHints":{"allow":["GET"]}}],"collection":[{"href":"https:\/\/ami.mr\/fr\/wp-json\/wp\/v2\/posts"}],"about":[{"href":"https:\/\/ami.mr\/fr\/wp-json\/wp\/v2\/types\/post"}],"author":[{"embeddable":true,"href":"https:\/\/ami.mr\/fr\/wp-json\/wp\/v2\/users\/16"}],"replies":[{"embeddable":true,"href":"https:\/\/ami.mr\/fr\/wp-json\/wp\/v2\/comments?post=243782"}],"version-history":[{"count":1,"href":"https:\/\/ami.mr\/fr\/wp-json\/wp\/v2\/posts\/243782\/revisions"}],"predecessor-version":[{"id":243785,"href":"https:\/\/ami.mr\/fr\/wp-json\/wp\/v2\/posts\/243782\/revisions\/243785"}],"wp:featuredmedia":[{"embeddable":true,"href":"https:\/\/ami.mr\/fr\/wp-json\/wp\/v2\/media\/243784"}],"wp:attachment":[{"href":"https:\/\/ami.mr\/fr\/wp-json\/wp\/v2\/media?parent=243782"}],"wp:term":[{"taxonomy":"category","embeddable":true,"href":"https:\/\/ami.mr\/fr\/wp-json\/wp\/v2\/categories?post=243782"},{"taxonomy":"post_tag","embeddable":true,"href":"https:\/\/ami.mr\/fr\/wp-json\/wp\/v2\/tags?post=243782"}],"curies":[{"name":"wp","href":"https:\/\/api.w.org\/{rel}","templated":true}]}}