{"id":243348,"date":"2024-04-03T20:57:04","date_gmt":"2024-04-03T20:57:04","guid":{"rendered":"https:\/\/ami.mr\/fr\/?p=243348"},"modified":"2024-04-03T20:57:04","modified_gmt":"2024-04-03T20:57:04","slug":"le-ministre-de-leconomie-recoit-la-representante-residente-du-pam-en-mauritanie","status":"publish","type":"post","link":"https:\/\/ami.mr\/fr\/archives\/243348","title":{"rendered":"Le ministre de l\u2019\u00e9conomie re\u00e7oit la repr\u00e9sentante r\u00e9sidente du PAM en Mauritanie"},"content":{"rendered":"<p>Le ministre de l\u2019\u00e9conomie et du D\u00e9veloppement durable, M. Abdessalam Mohamed Saleh, a re\u00e7u en audience, mercredi, \u00e0 Nouakchott, Mme Candaye Samba, repr\u00e9sentante r\u00e9sidente du Fonds alimentaire mondiale (PAM) en Mauritanie.<\/p>\n<p>La rencontre a port\u00e9 sur la coop\u00e9ration entre notre pays et cette organisation onusienne et les moyens susceptibles de la renforcer davantage.<\/p>\n<p>L\u2019entrevue s\u2019est d\u00e9roul\u00e9e en pr\u00e9sence de M. Cheikhna Ould Boudah, directeur g\u00e9n\u00e9ral des politiques et strat\u00e9gies de d\u00e9veloppement.<\/p>\n","protected":false},"excerpt":{"rendered":"<p>Le ministre de l\u2019\u00e9conomie et du D\u00e9veloppement durable, M. Abdessalam Mohamed Saleh, a re\u00e7u en audience, mercredi, \u00e0 Nouakchott, Mme Candaye Samba, repr\u00e9sentante r\u00e9sidente du Fonds alimentaire mondiale (PAM) en Mauritanie. La rencontre a port\u00e9 sur la coop\u00e9ration entre notre pays et cette organisation onusienne et les moyens susceptibles de la renforcer davantage. L\u2019entrevue s\u2019est [&hellip;]<\/p>\n","protected":false},"author":13,"featured_media":243351,"comment_status":"open","ping_status":"open","sticky":false,"template":"","format":"standard","meta":{"footnotes":""},"categories":[63918,63919,63957,63959,63927],"tags":[],"class_list":["post-243348","post","type-post","status-publish","format-standard","has-post-thumbnail","hentry","category-autres","category-choix-du-redacteur","category-fil-dactualite","category-mauritanie","category-slider-mauritanie"],"_links":{"self":[{"href":"https:\/\/ami.mr\/fr\/wp-json\/wp\/v2\/posts\/243348","targetHints":{"allow":["GET"]}}],"collection":[{"href":"https:\/\/ami.mr\/fr\/wp-json\/wp\/v2\/posts"}],"about":[{"href":"https:\/\/ami.mr\/fr\/wp-json\/wp\/v2\/types\/post"}],"author":[{"embeddable":true,"href":"https:\/\/ami.mr\/fr\/wp-json\/wp\/v2\/users\/13"}],"replies":[{"embeddable":true,"href":"https:\/\/ami.mr\/fr\/wp-json\/wp\/v2\/comments?post=243348"}],"version-history":[{"count":1,"href":"https:\/\/ami.mr\/fr\/wp-json\/wp\/v2\/posts\/243348\/revisions"}],"predecessor-version":[{"id":243352,"href":"https:\/\/ami.mr\/fr\/wp-json\/wp\/v2\/posts\/243348\/revisions\/243352"}],"wp:featuredmedia":[{"embeddable":true,"href":"https:\/\/ami.mr\/fr\/wp-json\/wp\/v2\/media\/243351"}],"wp:attachment":[{"href":"https:\/\/ami.mr\/fr\/wp-json\/wp\/v2\/media?parent=243348"}],"wp:term":[{"taxonomy":"category","embeddable":true,"href":"https:\/\/ami.mr\/fr\/wp-json\/wp\/v2\/categories?post=243348"},{"taxonomy":"post_tag","embeddable":true,"href":"https:\/\/ami.mr\/fr\/wp-json\/wp\/v2\/tags?post=243348"}],"curies":[{"name":"wp","href":"https:\/\/api.w.org\/{rel}","templated":true}]}}