{"id":242748,"date":"2024-03-25T15:57:33","date_gmt":"2024-03-25T15:57:33","guid":{"rendered":"https:\/\/ami.mr\/fr\/?p=242748"},"modified":"2024-03-25T15:57:33","modified_gmt":"2024-03-25T15:57:33","slug":"le-ministre-de-la-justice-preside-la-session-annuelle-du-parquet-2024","status":"publish","type":"post","link":"https:\/\/ami.mr\/fr\/archives\/242748","title":{"rendered":"Le ministre de la Justice pr\u00e9side la session annuelle du Parquet 2024"},"content":{"rendered":"<p>Le ministre de la Justice, M. Mohamed Mahmoud Ould Cheikh Abdoullah Ould Boya, a pr\u00e9sid\u00e9, ce lundi \u00e0 Nouakchott, au si\u00e8ge de L\u2019Office des biens gel\u00e9s, confisqu\u00e9s et saisis et de recouvrement des avoirs criminels, la session annuelle du Parquet sous le th\u00e8me &#8220;Le Parquet et l&#8217;accompagnement de la r\u00e9forme et du d\u00e9veloppement de la justice&#8221;.<\/p>\n<p>Au cours de cette session de deux jours, les participants recevront plusieurs pr\u00e9sentations sur divers sujets visant \u00e0 r\u00e9former et \u00e0 d\u00e9velopper la justice.<\/p>\n<p>Le ministre a soulign\u00e9 que cette rencontre a \u00e9t\u00e9 organis\u00e9e pour fournir au minist\u00e8re public les lignes directrices et les orientations g\u00e9n\u00e9rales de la politique p\u00e9nale et pour conna\u00eetre les d\u00e9fis auxquels il est confront\u00e9 dans son travail, ainsi que pour examiner les moyens d&#8217;atteindre l&#8217;efficacit\u00e9 requise dans la lutte contre la criminalit\u00e9 et la protection de la soci\u00e9t\u00e9.<\/p>\n<p>Il a ajout\u00e9 que le secteur, conform\u00e9ment aux priorit\u00e9s fix\u00e9es par Son Excellence le Pr\u00e9sident de la R\u00e9publique Mohamed Ould Cheikh El Ghazouani, a d\u00e9ploy\u00e9 d\u2019\u00e9normes efforts au cours des derni\u00e8res ann\u00e9es pour consacrer l&#8217;ind\u00e9pendance de la justice et rapprocher ses services des citoyens, soulignant que cela s&#8217;est traduit par une augmentation des ressources financi\u00e8res allou\u00e9es au secteur, ce qui a permis le renforcement de l&#8217;infrastructure, y compris la construction de quatre palais de justice et le si\u00e8ge du tribunal de la moughataa de Tevragh-Zeina.<\/p>\n<p>Le ministre a soulign\u00e9 que le travail du minist\u00e8re public concerne tous les axes de r\u00e9forme d\u00e9finis par le Document national pour la r\u00e9forme et le d\u00e9veloppement de la justice, notant qu&#8217;il joue un r\u00f4le cl\u00e9 pour faciliter l&#8217;acc\u00e8s \u00e0 la justice, la rapprocher des justiciables, am\u00e9liorer sa qualit\u00e9 et son efficacit\u00e9, et renforcer les droits des justiciables.<\/p>\n<p>La rigueur dans les poursuites doit s&#8217;accompagner du plein respect des droits de l&#8217;homme et de la garantie d&#8217;un proc\u00e8s \u00e9quitable, a-t-il d\u00e9clar\u00e9, insistant sur la n\u00e9cessit\u00e9 de contr\u00f4ler les conditions de d\u00e9tention.<\/p>\n<p>Il a indiqu\u00e9 que le minist\u00e8re public a un r\u00f4le tr\u00e8s important dans le domaine de la justice civile, faisant observer que cette importance est consacr\u00e9e par les textes qui font du minist\u00e8re public une partie concern\u00e9e au premier chef par certaines affaires civiles et celles qui affectent l&#8217;ordre public.<\/p>\n<p>La c\u00e9r\u00e9monie d&#8217;ouverture s&#8217;est d\u00e9roul\u00e9e en pr\u00e9sence du secr\u00e9taire g\u00e9n\u00e9ral du minist\u00e8re de la Justice, du procureur g\u00e9n\u00e9ral pr\u00e8s la Cour supr\u00eame et d&#8217;un certain nombre de magistrats et fonctionnaires du minist\u00e8re.<\/p>\n","protected":false},"excerpt":{"rendered":"<p>Le ministre de la Justice, M. Mohamed Mahmoud Ould Cheikh Abdoullah Ould Boya, a pr\u00e9sid\u00e9, ce lundi \u00e0 Nouakchott, au si\u00e8ge de L\u2019Office des biens gel\u00e9s, confisqu\u00e9s et saisis et de recouvrement des avoirs criminels, la session annuelle du Parquet sous le th\u00e8me &#8220;Le Parquet et l&#8217;accompagnement de la r\u00e9forme et du d\u00e9veloppement de la [&hellip;]<\/p>\n","protected":false},"author":17,"featured_media":242749,"comment_status":"open","ping_status":"open","sticky":false,"template":"","format":"standard","meta":{"footnotes":""},"categories":[63920,63957,63959],"tags":[],"class_list":["post-242748","post","type-post","status-publish","format-standard","has-post-thumbnail","hentry","category-a-la-une","category-fil-dactualite","category-mauritanie"],"_links":{"self":[{"href":"https:\/\/ami.mr\/fr\/wp-json\/wp\/v2\/posts\/242748","targetHints":{"allow":["GET"]}}],"collection":[{"href":"https:\/\/ami.mr\/fr\/wp-json\/wp\/v2\/posts"}],"about":[{"href":"https:\/\/ami.mr\/fr\/wp-json\/wp\/v2\/types\/post"}],"author":[{"embeddable":true,"href":"https:\/\/ami.mr\/fr\/wp-json\/wp\/v2\/users\/17"}],"replies":[{"embeddable":true,"href":"https:\/\/ami.mr\/fr\/wp-json\/wp\/v2\/comments?post=242748"}],"version-history":[{"count":1,"href":"https:\/\/ami.mr\/fr\/wp-json\/wp\/v2\/posts\/242748\/revisions"}],"predecessor-version":[{"id":242750,"href":"https:\/\/ami.mr\/fr\/wp-json\/wp\/v2\/posts\/242748\/revisions\/242750"}],"wp:featuredmedia":[{"embeddable":true,"href":"https:\/\/ami.mr\/fr\/wp-json\/wp\/v2\/media\/242749"}],"wp:attachment":[{"href":"https:\/\/ami.mr\/fr\/wp-json\/wp\/v2\/media?parent=242748"}],"wp:term":[{"taxonomy":"category","embeddable":true,"href":"https:\/\/ami.mr\/fr\/wp-json\/wp\/v2\/categories?post=242748"},{"taxonomy":"post_tag","embeddable":true,"href":"https:\/\/ami.mr\/fr\/wp-json\/wp\/v2\/tags?post=242748"}],"curies":[{"name":"wp","href":"https:\/\/api.w.org\/{rel}","templated":true}]}}