{"id":242745,"date":"2024-03-25T15:53:08","date_gmt":"2024-03-25T15:53:08","guid":{"rendered":"https:\/\/ami.mr\/fr\/?p=242745"},"modified":"2024-03-26T13:27:24","modified_gmt":"2024-03-26T13:27:24","slug":"le-president-de-la-republique-felicite-le-president-elu-du-senegal","status":"publish","type":"post","link":"https:\/\/ami.mr\/fr\/archives\/242745","title":{"rendered":"Le Pr\u00e9sident de la R\u00e9publique f\u00e9licite le Pr\u00e9sident \u00e9lu du S\u00e9n\u00e9gal"},"content":{"rendered":"<p>Suite \u00e0 la publication des premiers r\u00e9sultats de l\u2019\u00e9lection pr\u00e9sidentielle au S\u00e9n\u00e9gal, le Pr\u00e9sident de la R\u00e9publique, Son Excellence Monsieur Mohamed Ould cheikh El Ghazouani a adress\u00e9 un message de f\u00e9licitations au Pr\u00e9sident \u00e9lu, Monsieur Bassirou Diomaye Faye pour la confiance que le peuple s\u00e9n\u00e9galais lui a accord\u00e9e afin d\u2019assumer les lourdes responsabilit\u00e9s li\u00e9es \u00e0 la magistrature supr\u00eame.<\/p>\n<p>Son Excellence le Pr\u00e9sident de la r\u00e9publique s\u2019est f\u00e9licit\u00e9 du climat de s\u00e9r\u00e9nit\u00e9 et de responsabilit\u00e9 qui a pr\u00e9valu au cours de cette \u00e9lection et qui traduit, admirablement, toute la maturit\u00e9 de la d\u00e9mocratie s\u00e9n\u00e9galaise.<\/p>\n<p>Il a en outre exprim\u00e9 sa disponibilit\u00e9 constante et sa sinc\u00e8re volont\u00e9 d&#8217;\u0153uvrer, avec le pr\u00e9sident Bassirou Diomaye Faye, afin de d\u00e9velopper, en la diversifiant davantage, la coop\u00e9ration bilat\u00e9rale entre les deux pays et de resserrer, encore plus, les liens s\u00e9culaires d\u2019amiti\u00e9 et de fraternit\u00e9 qui unissent les deux peuples fr\u00e8res.<\/p>\n","protected":false},"excerpt":{"rendered":"<p>Suite \u00e0 la publication des premiers r\u00e9sultats de l\u2019\u00e9lection pr\u00e9sidentielle au S\u00e9n\u00e9gal, le Pr\u00e9sident de la R\u00e9publique, Son Excellence Monsieur Mohamed Ould cheikh El Ghazouani a adress\u00e9 un message de f\u00e9licitations au Pr\u00e9sident \u00e9lu, Monsieur Bassirou Diomaye Faye pour la confiance que le peuple s\u00e9n\u00e9galais lui a accord\u00e9e afin d\u2019assumer les lourdes responsabilit\u00e9s li\u00e9es \u00e0 [&hellip;]<\/p>\n","protected":false},"author":17,"featured_media":242746,"comment_status":"open","ping_status":"open","sticky":false,"template":"","format":"standard","meta":{"footnotes":""},"categories":[63957,25,63921,63926],"tags":[],"class_list":["post-242745","post","type-post","status-publish","format-standard","has-post-thumbnail","hentry","category-fil-dactualite","category-25","category-slider-afficher","category-slider-general"],"_links":{"self":[{"href":"https:\/\/ami.mr\/fr\/wp-json\/wp\/v2\/posts\/242745","targetHints":{"allow":["GET"]}}],"collection":[{"href":"https:\/\/ami.mr\/fr\/wp-json\/wp\/v2\/posts"}],"about":[{"href":"https:\/\/ami.mr\/fr\/wp-json\/wp\/v2\/types\/post"}],"author":[{"embeddable":true,"href":"https:\/\/ami.mr\/fr\/wp-json\/wp\/v2\/users\/17"}],"replies":[{"embeddable":true,"href":"https:\/\/ami.mr\/fr\/wp-json\/wp\/v2\/comments?post=242745"}],"version-history":[{"count":1,"href":"https:\/\/ami.mr\/fr\/wp-json\/wp\/v2\/posts\/242745\/revisions"}],"predecessor-version":[{"id":242747,"href":"https:\/\/ami.mr\/fr\/wp-json\/wp\/v2\/posts\/242745\/revisions\/242747"}],"wp:featuredmedia":[{"embeddable":true,"href":"https:\/\/ami.mr\/fr\/wp-json\/wp\/v2\/media\/242746"}],"wp:attachment":[{"href":"https:\/\/ami.mr\/fr\/wp-json\/wp\/v2\/media?parent=242745"}],"wp:term":[{"taxonomy":"category","embeddable":true,"href":"https:\/\/ami.mr\/fr\/wp-json\/wp\/v2\/categories?post=242745"},{"taxonomy":"post_tag","embeddable":true,"href":"https:\/\/ami.mr\/fr\/wp-json\/wp\/v2\/tags?post=242745"}],"curies":[{"name":"wp","href":"https:\/\/api.w.org\/{rel}","templated":true}]}}