{"id":242622,"date":"2024-03-22T00:06:41","date_gmt":"2024-03-22T00:06:41","guid":{"rendered":"https:\/\/ami.mr\/fr\/?p=242622"},"modified":"2024-03-22T00:06:41","modified_gmt":"2024-03-22T00:06:41","slug":"le-president-de-la-republique-la-solidarite-nationale-sera-renforcee-et-elargie","status":"publish","type":"post","link":"https:\/\/ami.mr\/fr\/archives\/242622","title":{"rendered":"Le pr\u00e9sident de la R\u00e9publique : la solidarit\u00e9 nationale sera renforc\u00e9e et \u00e9largie"},"content":{"rendered":"<p>Le Pr\u00e9sident de la R\u00e9publique, Mohamed Ould Cheikh El Ghazouani, a d\u00e9clar\u00e9 qu&#8217;il est toujours pr\u00e9occup\u00e9 par les conditions et le cadre de vie des groupes vuln\u00e9rables et \u00e0 faible revenu, et qu&#8217;il est soucieux d&#8217;utiliser tous les moyens disponibles pour les int\u00e9grer \u00e9conomiquement et socialement, pour am\u00e9liorer leurs conditions de vie, et pour renforcer leur acc\u00e8s aux services de base.<\/p>\n<p>Dans son intervention lors de la c\u00e9r\u00e9monie de l&#8217;Iftar organis\u00e9e jeudi soir \u00e0 la salle des f\u00eates du Palais pr\u00e9sidentiel \u00e0 Nouakchott, en l&#8217;honneur de 126 personnes repr\u00e9sentant la Communaut\u00e9 Taazour, le Pr\u00e9sident de la R\u00e9publique a ajout\u00e9 que pour lui, la dimension sociale du d\u00e9veloppement demeurera au centre de toutes les politiques publiques et de tous les programmes de d\u00e9veloppement de l\u2019\u00c9tat.<\/p>\n<p>Il s&#8217;est r\u00e9joui de cette rencontre qui constitue une occasion pour lui d&#8217;assurer \u00e0 la communaut\u00e9 Taazour, et \u00e0 travers elle \u00e0 tous les citoyens b\u00e9n\u00e9ficiaires de ses programmes dans les zones rurales, urbaines et p\u00e9ri- urbaines.<\/p>\n<p>Le Chef de l&#8217;Etat a fait observer qu&#8217;il est par nature et en vertu de sa ferme conviction politique, fonci\u00e8rement acquis aux causes des groupes vuln\u00e9rables et \u00e0 faible revenu, dont il appr\u00e9cie la patience, le patriotisme et l\u2019effort qu\u2019ils consentent pour parvenir \u00e0 une vie d\u00e9cente.<\/p>\n<p>&#8220;Profiter des dividendes des politiques publiques et des r\u00e9formes structurelles visant \u00e0 r\u00e9aliser un d\u00e9veloppement inclusif&#8221; requiert, dit-il, un certain temps, au moment o\u00f9 les pressions de la vie quotidienne ne peuvent \u00eatre diff\u00e9r\u00e9es. C\u2019est pourquoi, nous sommes profond\u00e9ment conscients de cette situation.<\/p>\n<p>Conform\u00e9ment \u00e0 notre engagement, nous avons mis en place un ensemble de filets sociaux diversifi\u00e9s pour all\u00e9ger vos souffrances et am\u00e9liorer votre capacit\u00e9 \u00e0 r\u00e9sister jusqu&#8217;\u00e0 ce que les politiques publiques et les r\u00e9formes structurelles portent leurs fruits pour changer en mieux vos conditions de vie&#8221;, a d\u00e9clar\u00e9 le Pr\u00e9sident de la R\u00e9publique.<\/p>\n<p>Son Excellence a ajout\u00e9 qu&#8217;il \u00e9tait \u00e0 l&#8217;origine de la cr\u00e9ation de la D\u00e9l\u00e9gation g\u00e9n\u00e9rale \u00e0 la solidarit\u00e9 et \u00e0 la lutte contre l&#8217;exclusion &#8220;Taazour&#8221;, qui a lanc\u00e9 divers programmes de soutien tels que Cheila, Takavoul, Tadamoun et Dary&#8230;.<\/p>\n<p>Ces programmes ont apport\u00e9 diverses formes de soutien \u00e0 travers les boutiques Tadamoun (solidarit\u00e9), les cash transferts, l&#8217;acc\u00e8s \u00e0 la propri\u00e9t\u00e9 immobili\u00e8re, l&#8217;acc\u00e8s aux services d&#8217;eau et d&#8217;\u00e9lectricit\u00e9, le financement d&#8217;activit\u00e9s g\u00e9n\u00e9ratrices de revenus\u2026<\/p>\n<p>Il a not\u00e9 que plus de 1,5 million de personnes ont b\u00e9n\u00e9fici\u00e9 de ces diff\u00e9rentes formes de soutien, pr\u00e9cisant qu&#8217;il s&#8217;agit d&#8217;un effort louable de la part de la D\u00e9l\u00e9gation, bien que les b\u00e9n\u00e9ficiaires m\u00e9ritent davantage.<\/p>\n<p>Le Pr\u00e9sident de la R\u00e9publique a soulign\u00e9 que les efforts seront redoubl\u00e9s dans la prochaine phase, avec l&#8217;aide et la force d\u2019Allah, pour renforcer et \u00e9largir la solidarit\u00e9 nationale de mani\u00e8re \u00e0 \u00e9tendre et diversifier tous les services sociaux.<\/p>\n<p>C\u2019est ainsi que les groupes vuln\u00e9rables et \u00e0 faible revenu pourront conforter leur r\u00e9silience et jouir des conditions d&#8217;une vie d\u00e9cente. Il s\u2019agit l\u00e0 d\u2019une option inspir\u00e9e par notre conviction et dict\u00e9e par nos responsabilit\u00e9s.<\/p>\n<p>Au d\u00e9but de son discours, le Pr\u00e9sident de la R\u00e9publique a souhait\u00e9 la bienvenue \u00e0 l&#8217;assistance et \u00e0 tous les citoyens qui b\u00e9n\u00e9ficient des programmes &#8220;Taazour&#8221;, ainsi qu&#8217;aux responsables de la mise en \u0153uvre de ces programmes, les f\u00e9licitant \u00e0 l&#8217;occasion du mois sacr\u00e9 du Ramadan et leur souhaitant, ainsi qu&#8217;\u00e0 tous les musulmans, un je\u00fbne exauc\u00e9.<\/p>\n<p>&nbsp;<\/p>\n","protected":false},"excerpt":{"rendered":"<p>Le Pr\u00e9sident de la R\u00e9publique, Mohamed Ould Cheikh El Ghazouani, a d\u00e9clar\u00e9 qu&#8217;il est toujours pr\u00e9occup\u00e9 par les conditions et le cadre de vie des groupes vuln\u00e9rables et \u00e0 faible revenu, et qu&#8217;il est soucieux d&#8217;utiliser tous les moyens disponibles pour les int\u00e9grer \u00e9conomiquement et socialement, pour am\u00e9liorer leurs conditions de vie, et pour renforcer [&hellip;]<\/p>\n","protected":false},"author":13,"featured_media":242623,"comment_status":"open","ping_status":"open","sticky":false,"template":"","format":"standard","meta":{"footnotes":""},"categories":[63919,63957,25,63921,63926],"tags":[],"class_list":["post-242622","post","type-post","status-publish","format-standard","has-post-thumbnail","hentry","category-choix-du-redacteur","category-fil-dactualite","category-25","category-slider-afficher","category-slider-general"],"_links":{"self":[{"href":"https:\/\/ami.mr\/fr\/wp-json\/wp\/v2\/posts\/242622","targetHints":{"allow":["GET"]}}],"collection":[{"href":"https:\/\/ami.mr\/fr\/wp-json\/wp\/v2\/posts"}],"about":[{"href":"https:\/\/ami.mr\/fr\/wp-json\/wp\/v2\/types\/post"}],"author":[{"embeddable":true,"href":"https:\/\/ami.mr\/fr\/wp-json\/wp\/v2\/users\/13"}],"replies":[{"embeddable":true,"href":"https:\/\/ami.mr\/fr\/wp-json\/wp\/v2\/comments?post=242622"}],"version-history":[{"count":1,"href":"https:\/\/ami.mr\/fr\/wp-json\/wp\/v2\/posts\/242622\/revisions"}],"predecessor-version":[{"id":242626,"href":"https:\/\/ami.mr\/fr\/wp-json\/wp\/v2\/posts\/242622\/revisions\/242626"}],"wp:featuredmedia":[{"embeddable":true,"href":"https:\/\/ami.mr\/fr\/wp-json\/wp\/v2\/media\/242623"}],"wp:attachment":[{"href":"https:\/\/ami.mr\/fr\/wp-json\/wp\/v2\/media?parent=242622"}],"wp:term":[{"taxonomy":"category","embeddable":true,"href":"https:\/\/ami.mr\/fr\/wp-json\/wp\/v2\/categories?post=242622"},{"taxonomy":"post_tag","embeddable":true,"href":"https:\/\/ami.mr\/fr\/wp-json\/wp\/v2\/tags?post=242622"}],"curies":[{"name":"wp","href":"https:\/\/api.w.org\/{rel}","templated":true}]}}