{"id":242566,"date":"2024-03-21T18:15:53","date_gmt":"2024-03-21T18:15:53","guid":{"rendered":"https:\/\/ami.mr\/fr\/?p=242566"},"modified":"2024-03-21T18:16:16","modified_gmt":"2024-03-21T18:16:16","slug":"akjoujt-sortie-dune-promotion-de-80-femmes-du-programme-dalphabetisation","status":"publish","type":"post","link":"https:\/\/ami.mr\/fr\/archives\/242566","title":{"rendered":"Akjoujt: sortie d\u2019une promotion de 80 femmes du programme d\u2019alphab\u00e9tisation"},"content":{"rendered":"<p>Le r\u00e9seau r\u00e9gional des associations de la jeunesse au niveau de la wilaya de l\u2019Inchiri a organis\u00e9, jeudi, \u00e0 la Maison des Jeunes de la Moughataa d&#8217;Akjoujt, en partenariat avec la Soci\u00e9t\u00e9 des Mines de Cuivre de Mauritanie (MCM), une c\u00e9r\u00e9monie, \u00e0 l&#8217;occasion de la sortie d\u2019une promotion de 80 femmes au titre de la 9\u00e8me \u00e9dition du programme d&#8217;alphab\u00e9tisation.<\/p>\n<p>La c\u00e9r\u00e9monie, qui intervient au terme de l&#8217;actuelle session du programme, qui a dur\u00e9 quatre mois et au cours de laquelle, les participantes avaient re\u00e7u des cours intensifs dans les domaines de la lecture, de l&#8217;\u00e9criture et du calcul, en plus des cours religieux, a \u00e9t\u00e9 marqu\u00e9e par la remise de certificats de distinction et des kits alimentaires fournis par MCM.<\/p>\n<p>Des Livres du Saint Coran, fournis par la Direction r\u00e9gionale des affaires islamiques et de l\u2019enseignement originel au niveau de la wilaya avaient \u00e9t\u00e9 \u00e9galement remis aux sortantes.<\/p>\n<p>Cette session a permis \u00e0 un groupe de femmes d\u2019\u00eatre alphab\u00e9tis\u00e9es et d\u2019aspirer \u00e0 l\u2019acc\u00e8s au financement collectif des projets g\u00e9n\u00e9rateurs de revenus, dans le cadre de la deuxi\u00e8me composante du programme, a indiqu\u00e9 \u00e0 cette occasion, le conseiller du wali de l&#8217;Inchiri charg\u00e9 des affaires \u00e9conomiques et du d\u00e9veloppement local, M. Seyed Ould Saam.<\/p>\n<p>L\u2019enseignement et l&#8217;alphab\u00e9tisation font partie des priorit\u00e9s du programme de Son Excellence le Pr\u00e9sident de la R\u00e9publique, Monsieur Mohamed Ould Cheikh El-Ghazouani, eu \u00e9gard \u00e0 leur corr\u00e9lation avec la vie des citoyens, a-t-il ajout\u00e9.<\/p>\n<p>L\u2019\u00e9radication des disparit\u00e9s sociales passe par l&#8217;\u00e9limination de l&#8217;analphab\u00e9tisme, a-t-il dit, remerciant tous les partenaires qui ont contribu\u00e9 \u00e0 la r\u00e9ussite de ce programme, notamment la Soci\u00e9t\u00e9 des Mines de Cuivre de Mauritanie.<\/p>\n<p>Ce programme a permis \u00e0 ce groupe de femmes de participer \u00e0 divers ateliers, tout au long de la p\u00e9riode de formation, a indiqu\u00e9, quant \u00e0 lui, le pr\u00e9sident du r\u00e9seau r\u00e9gional des associations de jeunesse au niveau de la wliaya de l\u2019Inchiri M. El Mamy Brahim Vellane, qui a lou\u00e9 cette op\u00e9ration mise en \u0153uvre par le r\u00e9seau en collaboration avec ses partenaires dans les domaines du d\u00e9veloppement afin d\u2019\u00e9radiquer le ph\u00e9nom\u00e8ne de l&#8217;analphab\u00e9tisme au niveau de la Moughataa.<\/p>\n<p>Ces femmes b\u00e9n\u00e9ficieront d&#8217;un autre cours qui leur permettra de comprendre les techniques les plus efficaces de g\u00e9rer les petites entreprises et les meilleures fa\u00e7ons d&#8217;en tirer profit, avant de recevoir un financement pour les projets qu\u2019elles choisiront et dont le suivi sera assur\u00e9 par le r\u00e9seau, afin d&#8217;assurer leur continuit\u00e9 et d\u2019en tirer le r\u00e9sultat optimal possible.<\/p>\n<p>MCM s&#8217;engage \u00e0 soutenir ces projets qui permettront de d\u00e9velopper et de former les femmes pour \u00e9radiquer l&#8217;analphab\u00e9tisme et assurer leur acc\u00e8s aux Petites et Moyennes Entreprises (PME), a d\u00e9clar\u00e9 pour sa part, le charg\u00e9 des relations sociales et de la communication de la Soci\u00e9t\u00e9 M. Mohamed Nour M\u2019Boirick.<\/p>\n<p>Les participants ont convenu, \u00e0 l&#8217;unanimit\u00e9, de l&#8217;importance de ce programme qui a contribu\u00e9, au cours des derni\u00e8res ann\u00e9es, \u00e0 la formation et \u00e0 la qualification de nombreuses femmes ainsi qu\u2019\u00e0 les doter des connaissances et des comp\u00e9tences n\u00e9cessaires pour exercer certaines activit\u00e9s \u00e9conomiques.<\/p>\n<p>La c\u00e9r\u00e9monie s&#8217;est d\u00e9roul\u00e9e en pr\u00e9sence du Hakem adjoint de la moughataa d&#8217;Akjoujt, du maire adjoint de la commune et des repr\u00e9sentants des autorit\u00e9s s\u00e9curitaires.<\/p>\n","protected":false},"excerpt":{"rendered":"<p>Le r\u00e9seau r\u00e9gional des associations de la jeunesse au niveau de la wilaya de l\u2019Inchiri a organis\u00e9, jeudi, \u00e0 la Maison des Jeunes de la Moughataa d&#8217;Akjoujt, en partenariat avec la Soci\u00e9t\u00e9 des Mines de Cuivre de Mauritanie (MCM), une c\u00e9r\u00e9monie, \u00e0 l&#8217;occasion de la sortie d\u2019une promotion de 80 femmes au titre de la [&hellip;]<\/p>\n","protected":false},"author":2,"featured_media":242567,"comment_status":"open","ping_status":"open","sticky":false,"template":"","format":"standard","meta":{"footnotes":""},"categories":[63918,63957,8672],"tags":[],"class_list":["post-242566","post","type-post","status-publish","format-standard","has-post-thumbnail","hentry","category-autres","category-fil-dactualite","category-8672"],"_links":{"self":[{"href":"https:\/\/ami.mr\/fr\/wp-json\/wp\/v2\/posts\/242566","targetHints":{"allow":["GET"]}}],"collection":[{"href":"https:\/\/ami.mr\/fr\/wp-json\/wp\/v2\/posts"}],"about":[{"href":"https:\/\/ami.mr\/fr\/wp-json\/wp\/v2\/types\/post"}],"author":[{"embeddable":true,"href":"https:\/\/ami.mr\/fr\/wp-json\/wp\/v2\/users\/2"}],"replies":[{"embeddable":true,"href":"https:\/\/ami.mr\/fr\/wp-json\/wp\/v2\/comments?post=242566"}],"version-history":[{"count":1,"href":"https:\/\/ami.mr\/fr\/wp-json\/wp\/v2\/posts\/242566\/revisions"}],"predecessor-version":[{"id":242568,"href":"https:\/\/ami.mr\/fr\/wp-json\/wp\/v2\/posts\/242566\/revisions\/242568"}],"wp:featuredmedia":[{"embeddable":true,"href":"https:\/\/ami.mr\/fr\/wp-json\/wp\/v2\/media\/242567"}],"wp:attachment":[{"href":"https:\/\/ami.mr\/fr\/wp-json\/wp\/v2\/media?parent=242566"}],"wp:term":[{"taxonomy":"category","embeddable":true,"href":"https:\/\/ami.mr\/fr\/wp-json\/wp\/v2\/categories?post=242566"},{"taxonomy":"post_tag","embeddable":true,"href":"https:\/\/ami.mr\/fr\/wp-json\/wp\/v2\/tags?post=242566"}],"curies":[{"name":"wp","href":"https:\/\/api.w.org\/{rel}","templated":true}]}}