{"id":242547,"date":"2024-03-21T17:04:39","date_gmt":"2024-03-21T17:04:39","guid":{"rendered":"https:\/\/ami.mr\/fr\/?p=242547"},"modified":"2024-03-21T17:04:39","modified_gmt":"2024-03-21T17:04:39","slug":"nouadhibou-une-lecon-modele-intitulee-le-discours-de-haine-contredit-les-enseignements-de-lislam","status":"publish","type":"post","link":"https:\/\/ami.mr\/fr\/archives\/242547","title":{"rendered":"Nouadhibou: une le\u00e7on mod\u00e8le intitul\u00e9e \u2018\u2019le discours de haine contredit les enseignements de l\u2019islam\u2019\u2019"},"content":{"rendered":"<p>Le wali de Dakhlet &#8211; Nouadhibou, M. Mahi Ould Hamed, a supervis\u00e9, jeudi \u00e0 Nouadhibou, la pr\u00e9sentation d\u2019une le\u00e7on mod\u00e8le intitul\u00e9e: \u2018\u2019le discours de haine contredit les enseignements de l\u2019islam\u2019\u2019.<\/p>\n<p>La le\u00e7on mod\u00e8le a port\u00e9 sur la signification de la haine, le danger du discours de haine pour la coh\u00e9sion sociale, d\u2019o\u00f9 la n\u00e9cessit\u00e9 de lutter contre ce discours par tous les moyens disponibles.<\/p>\n<p>Le DREN, M. Moustapha Ould Elemine Vall, a affirm\u00e9 que l\u2019administration r\u00e9gionale a organis\u00e9 cette journ\u00e9e dans toutes les \u00e9coles de la Wilaya aux fins de pr\u00e9senter une le\u00e7on mod\u00e8le aux \u00e9l\u00e8ves des cinqui\u00e8me et sixi\u00e8me ann\u00e9es du primaire sur l\u2019incompatibilit\u00e9 du discours de haine avec les enseignements de l\u2019islam.<\/p>\n<p>Il a ajout\u00e9 que l\u2019objectif de cette le\u00e7on est d\u2019\u00e9duquer les g\u00e9n\u00e9rations \u00e0 renforcer la coh\u00e9sion nationale, \u00e0 rejeter le discours de haine pour qu\u2019ils se sentent membres d\u2019un seul peuple, assis sur les m\u00eames bancs, recevant les m\u00eames le\u00e7ons dans une m\u00eame religion qu\u2019est l\u2019Islam.<\/p>\n<p>La le\u00e7on s\u2019est d\u00e9roul\u00e9e en pr\u00e9sence du hakem de Nouadhibou, Sid\u2019Ahmed Ould Houeibib, du vice-pr\u00e9sident du conseil r\u00e9gional, de l\u2019adjoint au maire de la commune de Nouadhibou et des chefs des services militaires et de s\u00e9curit\u00e9 de la Wilaya.<\/p>\n","protected":false},"excerpt":{"rendered":"<p>Le wali de Dakhlet &#8211; Nouadhibou, M. Mahi Ould Hamed, a supervis\u00e9, jeudi \u00e0 Nouadhibou, la pr\u00e9sentation d\u2019une le\u00e7on mod\u00e8le intitul\u00e9e: \u2018\u2019le discours de haine contredit les enseignements de l\u2019islam\u2019\u2019. La le\u00e7on mod\u00e8le a port\u00e9 sur la signification de la haine, le danger du discours de haine pour la coh\u00e9sion sociale, d\u2019o\u00f9 la n\u00e9cessit\u00e9 de [&hellip;]<\/p>\n","protected":false},"author":2,"featured_media":242548,"comment_status":"open","ping_status":"open","sticky":false,"template":"","format":"standard","meta":{"footnotes":""},"categories":[63918,63957,8672],"tags":[],"class_list":["post-242547","post","type-post","status-publish","format-standard","has-post-thumbnail","hentry","category-autres","category-fil-dactualite","category-8672"],"_links":{"self":[{"href":"https:\/\/ami.mr\/fr\/wp-json\/wp\/v2\/posts\/242547","targetHints":{"allow":["GET"]}}],"collection":[{"href":"https:\/\/ami.mr\/fr\/wp-json\/wp\/v2\/posts"}],"about":[{"href":"https:\/\/ami.mr\/fr\/wp-json\/wp\/v2\/types\/post"}],"author":[{"embeddable":true,"href":"https:\/\/ami.mr\/fr\/wp-json\/wp\/v2\/users\/2"}],"replies":[{"embeddable":true,"href":"https:\/\/ami.mr\/fr\/wp-json\/wp\/v2\/comments?post=242547"}],"version-history":[{"count":1,"href":"https:\/\/ami.mr\/fr\/wp-json\/wp\/v2\/posts\/242547\/revisions"}],"predecessor-version":[{"id":242549,"href":"https:\/\/ami.mr\/fr\/wp-json\/wp\/v2\/posts\/242547\/revisions\/242549"}],"wp:featuredmedia":[{"embeddable":true,"href":"https:\/\/ami.mr\/fr\/wp-json\/wp\/v2\/media\/242548"}],"wp:attachment":[{"href":"https:\/\/ami.mr\/fr\/wp-json\/wp\/v2\/media?parent=242547"}],"wp:term":[{"taxonomy":"category","embeddable":true,"href":"https:\/\/ami.mr\/fr\/wp-json\/wp\/v2\/categories?post=242547"},{"taxonomy":"post_tag","embeddable":true,"href":"https:\/\/ami.mr\/fr\/wp-json\/wp\/v2\/tags?post=242547"}],"curies":[{"name":"wp","href":"https:\/\/api.w.org\/{rel}","templated":true}]}}