{"id":241900,"date":"2024-03-11T20:04:29","date_gmt":"2024-03-11T20:04:29","guid":{"rendered":"https:\/\/ami.mr\/fr\/?p=241900"},"modified":"2024-03-11T20:04:29","modified_gmt":"2024-03-11T20:04:29","slug":"le-comite-ministeriel-visite-la-foire-du-ramadan-pour-les-produits-legumiers-nationaux","status":"publish","type":"post","link":"https:\/\/ami.mr\/fr\/archives\/241900","title":{"rendered":"Le Comit\u00e9 minist\u00e9riel visite la foire du Ramadan pour les produits l\u00e9gumiers nationaux"},"content":{"rendered":"<div class=\"cell auto-size\">\n<div class=\"set-border bd-gray padding10 margin10 no-margin-right no-margin-left \" dir=\"ltr\">\n<p>Le comit\u00e9 minist\u00e9riel en charge de l\u2019op\u00e9ration Ramadan a inspect\u00e9, lundi, la foire du Ramadan pour les produits l\u00e9gumiers nationaux d\u2019Aftout Sahli, tenue \u00e0 l\u2019ancien a\u00e9roport de Nouakchott, organis\u00e9e par le minist\u00e8re de l\u2019Agriculture, repr\u00e9sent\u00e9 par la Soci\u00e9t\u00e9 nationale de D\u00e9veloppement rural \u00ab SONADER \u00bb, en coop\u00e9ration avec l\u2019Union nationale des employeurs mauritaniens \u00e0 travers le groupe \u00ab Itqan \u00bb.<\/p>\n<p>Le comit\u00e9 minist\u00e9riel comprend les secteurs suivants : l\u2019Agriculture, l\u2019Elevage, la P\u00eache, le Commerce, les Affaires islamiques, le CSA, les conseillers du Premier ministre et le pr\u00e9sident de l\u2019Union nationale des employeurs mauritaniens.<\/p>\n<p>Le comit\u00e9 minist\u00e9riel a \u00e9t\u00e9 re\u00e7u \u00e0 l\u2019entr\u00e9e de la foire par le wali de Nouakchott nord et le directeur g\u00e9n\u00e9ral de la SONADER, o\u00f9 ils ont examin\u00e9 de pr\u00e8s les diff\u00e9rents produits mara\u00eechers expos\u00e9s et ont appr\u00e9ci\u00e9 leur qualit\u00e9 et leur aptitude \u00e0 la consommation domestique au cours de ce mois \u00e0 des prix abordables.<\/p>\n<p>Le comit\u00e9 minist\u00e9riel a \u00e9galement re\u00e7u des explications techniques de la part des organisateurs de cette exposition sur l\u2019abondance et la diversit\u00e9 du produit, soulignant la justesse de l\u2019organisation et du travail conform\u00e9ment au calendrier sp\u00e9cifique, aux normes et aux engagements convenus \u00e0 l\u2019avance entre le minist\u00e8re de l\u2019Agriculture et la Conf\u00e9d\u00e9ration nationale des Employeurs mauritaniens.<\/p>\n<p>Il est \u00e0 noter que l\u2019exposition du Ramadan du produit national des l\u00e9gumes se tient sur un terrain de l\u2019ancien a\u00e9roport de Nouakchott, mis \u00e0 disposition par l\u2019Union nationale des Employeurs mauritaniens, et que la soci\u00e9t\u00e9 \u00ab SONADER \u00bb a am\u00e9nag\u00e9, tandis que les producteurs sous le nom de l\u2019Avantage \u00e9conomique de l\u2019Aftout Sahli \u00ab Itqan \u00bb se sont engag\u00e9s \u00e0 fournir \u00e0 la foire des produits agricoles pour la commercialisation, la main-d\u2019\u0153uvre pour la vente, et la prise en charge des d\u00e9penses li\u00e9es \u00e0 l\u2019eau et \u00e0 l\u2019\u00e9lectricit\u00e9.<\/p>\n<\/div>\n<\/div>\n","protected":false},"excerpt":{"rendered":"<p>Le comit\u00e9 minist\u00e9riel en charge de l\u2019op\u00e9ration Ramadan a inspect\u00e9, lundi, la foire du Ramadan pour les produits l\u00e9gumiers nationaux d\u2019Aftout Sahli, tenue \u00e0 l\u2019ancien a\u00e9roport de Nouakchott, organis\u00e9e par le minist\u00e8re de l\u2019Agriculture, repr\u00e9sent\u00e9 par la Soci\u00e9t\u00e9 nationale de D\u00e9veloppement rural \u00ab SONADER \u00bb, en coop\u00e9ration avec l\u2019Union nationale des employeurs mauritaniens \u00e0 travers [&hellip;]<\/p>\n","protected":false},"author":13,"featured_media":241903,"comment_status":"open","ping_status":"open","sticky":false,"template":"","format":"standard","meta":{"footnotes":""},"categories":[63920,63919,63957,63959,63927],"tags":[],"class_list":["post-241900","post","type-post","status-publish","format-standard","has-post-thumbnail","hentry","category-a-la-une","category-choix-du-redacteur","category-fil-dactualite","category-mauritanie","category-slider-mauritanie"],"_links":{"self":[{"href":"https:\/\/ami.mr\/fr\/wp-json\/wp\/v2\/posts\/241900","targetHints":{"allow":["GET"]}}],"collection":[{"href":"https:\/\/ami.mr\/fr\/wp-json\/wp\/v2\/posts"}],"about":[{"href":"https:\/\/ami.mr\/fr\/wp-json\/wp\/v2\/types\/post"}],"author":[{"embeddable":true,"href":"https:\/\/ami.mr\/fr\/wp-json\/wp\/v2\/users\/13"}],"replies":[{"embeddable":true,"href":"https:\/\/ami.mr\/fr\/wp-json\/wp\/v2\/comments?post=241900"}],"version-history":[{"count":1,"href":"https:\/\/ami.mr\/fr\/wp-json\/wp\/v2\/posts\/241900\/revisions"}],"predecessor-version":[{"id":241910,"href":"https:\/\/ami.mr\/fr\/wp-json\/wp\/v2\/posts\/241900\/revisions\/241910"}],"wp:featuredmedia":[{"embeddable":true,"href":"https:\/\/ami.mr\/fr\/wp-json\/wp\/v2\/media\/241903"}],"wp:attachment":[{"href":"https:\/\/ami.mr\/fr\/wp-json\/wp\/v2\/media?parent=241900"}],"wp:term":[{"taxonomy":"category","embeddable":true,"href":"https:\/\/ami.mr\/fr\/wp-json\/wp\/v2\/categories?post=241900"},{"taxonomy":"post_tag","embeddable":true,"href":"https:\/\/ami.mr\/fr\/wp-json\/wp\/v2\/tags?post=241900"}],"curies":[{"name":"wp","href":"https:\/\/api.w.org\/{rel}","templated":true}]}}