{"id":241579,"date":"2024-03-07T09:51:40","date_gmt":"2024-03-07T09:51:40","guid":{"rendered":"https:\/\/ami.mr\/fr\/?p=241579"},"modified":"2024-03-07T09:51:40","modified_gmt":"2024-03-07T09:51:40","slug":"la-pose-de-la-premiere-pierre-par-le-president-de-la-republique-des-nombreuses-aep-au-brakna-est-une-solution-radicale-a-la-penurie-deau-president-de-la-region-du-brakna","status":"publish","type":"post","link":"https:\/\/ami.mr\/fr\/archives\/241579","title":{"rendered":"\u00ab La pose de la premi\u00e8re pierre par le Pr\u00e9sident de la R\u00e9publique des nombreuses AEP au Brakna est une solution radicale \u00e0 la p\u00e9nurie d&#8217;eau \u00bb (Pr\u00e9sident de la r\u00e9gion du Brakna)"},"content":{"rendered":"<p>L\u2019important projet de d\u00e9veloppement qui sera lanc\u00e9 par Son Excellence le Pr\u00e9sident de la R\u00e9publique, Monsieur Mohamed Ould Cheikh El Ghazouani, ce jeudi, \u00e0 partir de la Moughataa de Babab\u00e9, r\u00e9soudra le probl\u00e8me de l&#8217;eau potable dans de nombreuses zones de la wilaya du Brakna, s&#8217;\u00e9tendant des zones de la vall\u00e9e jusqu&#8217;\u00e0 la fronti\u00e8re de la wilaya avec le Tagant et l&#8217;Assaba.<\/p>\n<p>Cette d\u00e9claration a \u00e9t\u00e9 faite mercredi, dans la ville de Bogh\u00e9, \u00e0 l\u2019Agence Mauritanienne d\u2019Information (AMI), par le Pr\u00e9sident du Conseil R\u00e9gional du Brakna, M. Moustapha Ould Mohamed Mahmoud.<\/p>\n<p>Ces zones o\u00f9 des forages ont \u00e9t\u00e9 entrepris plus d\u2019une quinzaine de fois sans donner d\u2019indicateurs attestant de la pr\u00e9sence de nappes phr\u00e9atiques exploitables, sont r\u00e9put\u00e9es pour la raret\u00e9 des eaux souterraines, a ajout\u00e9 le Pr\u00e9sident de la R\u00e9gion du Brakna, soulignant que l\u2019important projet des adductions d\u2019eau potable au Brakna fournira \u00e9galement l\u2019eau potable aux localit\u00e9s de l\u2019Assaba qui lui sont contigu\u00ebs et n\u2019ayant pas b\u00e9n\u00e9fici\u00e9 du projet Aftout Charghi, en plus d\u2019autres relevant de la wilaya du Tagant.<\/p>\n<p>Le maillage du projet permettra \u00e0 un grand nombre de villages de la wilaya d\u2019avoir acc\u00e8s aux services de l&#8217;eau potable dans les Moughataas de Babab\u00e9, M\u2019Bagne et Bogh\u00e9, o\u00f9 le Pr\u00e9sident de la R\u00e9publique avait inaugur\u00e9 l&#8217;ann\u00e9e derni\u00e8re une station d\u2019\u00e9puration de l\u2019eau fluviale, ayant permis de surmonter le probl\u00e8me de l&#8217;eau demeur\u00e9 longtemps insoluble dans cette Moughata, a ajout\u00e9 Ould Mohamed Mahmoud.<\/p>\n<p>Toutes les communes de la Moughataa de Male, connues par la raret\u00e9 de l&#8217;eau, et comprenant le triangle dit le \u00ab Triangle de l&#8217;Espoir \u00bb, b\u00e9n\u00e9ficieront de ce projet, en passant par celles de la Moughataa Est de Maghtalahjar, pour d\u00e9boucher sur certains villages des wilayas du Tagant et de l&#8217;Assaba, a-t-il dit.<\/p>\n<p>Le Pr\u00e9sident de la r\u00e9gion du Brakna a soulign\u00e9 aussi la n\u00e9cessit\u00e9 d\u2019accorder une importance \u00e0 l&#8217;exploitation des eaux de surface renouvelables au lieu de se concentrer sur les eaux souterraines, qui se renouvellent lentement et peuvent ne pas se r\u00e9g\u00e9n\u00e9rer du tout dans certains cas.<\/p>\n<p>M\u00eame si les estimations indiquent que le projet fournira de l&#8217;eau potable \u00e0 115 000 personnes, le nombre de villages situ\u00e9s sur son trac\u00e9 et les localit\u00e9s voisines montre que l\u2019effectif des b\u00e9n\u00e9ficiaires sera beaucoup plus important que ce chiffre, a ajout\u00e9 Ould Mohamed Mahmoud.<\/p>\n<p>Ce projet, qui s&#8217;\u00e9tend sur une longueur de 200 km et comprend plusieurs stations de traitement et de stockage des eaux, est consid\u00e9r\u00e9 comme un compl\u00e9ment au projet d\u2019alimentation en eau de Kiffa depuis Gouraye. Ces deux projets constituent des solutions strat\u00e9giques et radicales pour r\u00e9soudre le probl\u00e8me de l&#8217;eau, d&#8217;autant plus qu&#8217;ils reposent sur de sources d&#8217;eau renouvelables, a poursuivi le pr\u00e9sident du Conseil R\u00e9gional du Brakna.<\/p>\n<p>L&#8217;importance de ce projet ne peut \u00eatre mesur\u00e9e \u00e0 sa juste valeur, \u00e0 moins de connaitre son trac\u00e9, les populations qu\u2019il couvre et d\u2019avoir \u00e0 l\u2019esprit les peines endur\u00e9es par les citoyens pour obtenir l&#8217;eau. Ces facteurs permettent de comprendre sa port\u00e9e consid\u00e9rable, a-t-il dit. Il importe \u00e9galement de ne pas perdre de vue les impacts n\u00e9gatifs cons\u00e9cutifs \u00e0 la raret\u00e9 de l&#8217;eau dans ces zones o\u00f9 l\u2019acc\u00e8s \u00e0 cette denr\u00e9e vitale n\u00e9cessite souvent d\u00e9placement, d\u00e9perdition scolaire et perte de temps qui aurait pu \u00eatre consacr\u00e9 \u00e0 des activit\u00e9s productives, privant ainsi les autochtones de b\u00e9n\u00e9ficier des ressources de l&#8217;\u00e9conomie locale, dont la plus importante est le d\u00e9veloppement agricole et de l&#8217;\u00e9levage, a-t-il ajout\u00e9.<\/p>\n<p>Le projet comprend une deuxi\u00e8me composante importante, dans le cadre de laquelle, 3 500 hectares seront irrigu\u00e9s, contribuant ainsi au renforcement du d\u00e9veloppement agricole en vue d&#8217;atteindre l&#8217;autosuffisance, non seulement dans le domaine des c\u00e9r\u00e9ales, mais aussi dans celui des l\u00e9gumes, a indiqu\u00e9 Ould Mohamed Mahmoud.<\/p>\n<p>Les mesures importantes qui ont \u00e9t\u00e9 prises dans le domaine du secteur agricole cr\u00e9eraient une renaissance agricole dans le pays, d\u2019o\u00f9 la n\u00e9cessit\u00e9 de mobiliser les citoyens et les investisseurs sur l&#8217;importance de s\u2019orienter vers ce secteur afin d&#8217;exploiter ces espaces de mani\u00e8re permettant au pays de subvenir \u00e0 ses besoins en denr\u00e9es essentielles, a-t-il dit.<\/p>\n<p>La performance de l\u2019\u00e9levage, consid\u00e9r\u00e9e comme un pilier fondamental du d\u00e9veloppement de la wilaya, a \u00e9t\u00e9 aussi impact\u00e9e par la raret\u00e9 de l\u2019eau, d\u2019o\u00f9 l\u2019importance de ce projet, qui contribuera \u00e0 booster ce secteur et permettre aux \u00e9leveurs de se d\u00e9placer dans de nouvelles zones, o\u00f9 la transhumance \u00e9tait jusque-l\u00e0 contraignante, a-t-il indiqu\u00e9.<\/p>\n<p>La mise en \u0153uvre de ce projet s&#8217;inscrit dans le cadre d&#8217;une politique g\u00e9n\u00e9rale adopt\u00e9e par Son Excellence le Pr\u00e9sident de la R\u00e9publique en vue de cr\u00e9er des p\u00f4les de d\u00e9veloppement int\u00e9gr\u00e9, a ajout\u00e9 Ould Mohamed Mahmoud, selon lequel, la disponibilit\u00e9 de l&#8217;eau et l\u2019am\u00e9nagement des terres sont des facteurs incitatifs pour l\u2019orientation des citoyens vers les activit\u00e9s de l&#8217;agriculture et de l&#8217;\u00e9levage. Ces deux secteurs contribuent au Produit Int\u00e9rieur Brut (PIB) du pays, \u00e0 la croissance \u00e9conomique, ainsi qu\u2019\u00e0 la cr\u00e9ation des opportunit\u00e9s d&#8217;emploi pour r\u00e9sorber le ch\u00f4mage, a-t-il ajout\u00e9.<\/p>\n<p>Le bilan des r\u00e9alisations du Pr\u00e9sident de la R\u00e9publique au niveau de la wilaya du Brakna est aujourd\u2019hui plus que satisfaisant avec des investissements de plus de 60 milliards d&#8217;ouguiyas dans de multiples projets de d\u00e9veloppement, a fait observer Ould Mohamed Mahmoud.<\/p>\n<p>La pose jeudi par Son Excellence le Pr\u00e9sident de la R\u00e9publique de la premi\u00e8re pierre de ce projet, augmentera le volume de cet investissement d\u2019un tiers environ, a-t-il affirm\u00e9.<\/p>\n<p>Ould Mohamed Mahmoud a soulign\u00e9 aussi l&#8217;importance de la composante du projet relative \u00e0 l\u2019emploi et lanc\u00e9e au cours des derni\u00e8res semaines au niveau de la wilaya, soulignant la n\u00e9cessit\u00e9 pour les jeunes qualifi\u00e9s soutenus par des financements de saisir les opportunit\u00e9s de d\u00e9veloppement et le potentiel \u00e9conomique offerts par le projet.<\/p>\n<p>La supervision en personne du Pr\u00e9sident de la R\u00e9publique du lancement de ce projet, qui changera la r\u00e9alit\u00e9 de cette r\u00e9gion, montre l\u2019importance accord\u00e9e par Son Excellence aux citoyens vuln\u00e9rables et aux zones pr\u00e9caires, a ajout\u00e9 le Pr\u00e9sident du Conseil R\u00e9gional du Brakna, M. Moustapha Ould Mohamed Mahmoud qui a remerci\u00e9 le pays fr\u00e8re des \u00c9mirats Arabes Unis pour le financement accord\u00e9 au projet.<\/p>\n<p>Le pr\u00e9sident de la r\u00e9gion du Brakna a remerci\u00e9 \u00e9galement l\u2019AMI pour l&#8217;opportunit\u00e9 offerte pour s\u2019appesantir sur cet important projet, venu r\u00e9soudre un probl\u00e8me majeur dont souffraient de nombreuses zones de la wilaya du Brakna, \u00e0 l&#8217;instar de la plupart des wilayas du pays, o\u00f9 la mise en \u0153uvre de grands projets de d\u00e9veloppement est en cours d\u2019ex\u00e9cution.<\/p>\n","protected":false},"excerpt":{"rendered":"<p>L\u2019important projet de d\u00e9veloppement qui sera lanc\u00e9 par Son Excellence le Pr\u00e9sident de la R\u00e9publique, Monsieur Mohamed Ould Cheikh El Ghazouani, ce jeudi, \u00e0 partir de la Moughataa de Babab\u00e9, r\u00e9soudra le probl\u00e8me de l&#8217;eau potable dans de nombreuses zones de la wilaya du Brakna, s&#8217;\u00e9tendant des zones de la vall\u00e9e jusqu&#8217;\u00e0 la fronti\u00e8re de [&hellip;]<\/p>\n","protected":false},"author":17,"featured_media":241580,"comment_status":"open","ping_status":"open","sticky":false,"template":"","format":"standard","meta":{"footnotes":""},"categories":[63918,63957,63959],"tags":[],"class_list":["post-241579","post","type-post","status-publish","format-standard","has-post-thumbnail","hentry","category-autres","category-fil-dactualite","category-mauritanie"],"_links":{"self":[{"href":"https:\/\/ami.mr\/fr\/wp-json\/wp\/v2\/posts\/241579","targetHints":{"allow":["GET"]}}],"collection":[{"href":"https:\/\/ami.mr\/fr\/wp-json\/wp\/v2\/posts"}],"about":[{"href":"https:\/\/ami.mr\/fr\/wp-json\/wp\/v2\/types\/post"}],"author":[{"embeddable":true,"href":"https:\/\/ami.mr\/fr\/wp-json\/wp\/v2\/users\/17"}],"replies":[{"embeddable":true,"href":"https:\/\/ami.mr\/fr\/wp-json\/wp\/v2\/comments?post=241579"}],"version-history":[{"count":1,"href":"https:\/\/ami.mr\/fr\/wp-json\/wp\/v2\/posts\/241579\/revisions"}],"predecessor-version":[{"id":241581,"href":"https:\/\/ami.mr\/fr\/wp-json\/wp\/v2\/posts\/241579\/revisions\/241581"}],"wp:featuredmedia":[{"embeddable":true,"href":"https:\/\/ami.mr\/fr\/wp-json\/wp\/v2\/media\/241580"}],"wp:attachment":[{"href":"https:\/\/ami.mr\/fr\/wp-json\/wp\/v2\/media?parent=241579"}],"wp:term":[{"taxonomy":"category","embeddable":true,"href":"https:\/\/ami.mr\/fr\/wp-json\/wp\/v2\/categories?post=241579"},{"taxonomy":"post_tag","embeddable":true,"href":"https:\/\/ami.mr\/fr\/wp-json\/wp\/v2\/tags?post=241579"}],"curies":[{"name":"wp","href":"https:\/\/api.w.org\/{rel}","templated":true}]}}