{"id":241456,"date":"2024-03-05T20:07:34","date_gmt":"2024-03-05T20:07:34","guid":{"rendered":"https:\/\/ami.mr\/fr\/?p=241456"},"modified":"2024-03-05T20:07:34","modified_gmt":"2024-03-05T20:07:34","slug":"reunion-du-comite-ministeriel-charge-du-suivi-de-la-mise-en-oeuvre-du-programme-equite-citoyennete-et-cohesion-sociale","status":"publish","type":"post","link":"https:\/\/ami.mr\/fr\/archives\/241456","title":{"rendered":"R\u00e9union du Comit\u00e9 minist\u00e9riel charg\u00e9 du suivi de la mise en \u0153uvre du Programme Equit\u00e9, Citoyennet\u00e9 et Coh\u00e9sion Sociale"},"content":{"rendered":"<div class=\"row\">\n<div class=\"cell auto-size bd-gray\" dir=\"ltr\"><\/div>\n<\/div>\n<div class=\"row\">\n<div class=\"cell auto-size\">\n<div class=\"set-border bd-gray padding10 margin10 no-margin-right no-margin-left \" dir=\"ltr\">\n<p>Le Premier ministre Mohamed Bilal Messaoud a pr\u00e9sid\u00e9, mardi \u00e0 Nouakchott, la r\u00e9union ordinaire du comit\u00e9 minist\u00e9riel charg\u00e9 du suivi de la mise en \u0153uvre du programme du Pr\u00e9sident de la R\u00e9publique Monsieur Mohamed Ould Cheikh El Ghazouani sur l&#8217;\u00e9quit\u00e9, la citoyennet\u00e9 et la coh\u00e9sion sociale.<\/p>\n<p>Au cours de la r\u00e9union, le niveau de mise en \u0153uvre du plan d&#8217;action multisectoriel du programme INSAF visant \u00e0 consolider l&#8217;unit\u00e9 nationale et \u00e0 prot\u00e9ger la dignit\u00e9, la libert\u00e9 et les droits de tous les citoyens avec la force de la loi a \u00e9t\u00e9 pass\u00e9 en revue.<\/p>\n<p>Apr\u00e8s d\u00e9lib\u00e9ration, le Comit\u00e9 minist\u00e9riel a recommand\u00e9 la n\u00e9cessit\u00e9 d&#8217;achever la mise en \u0153uvre des activit\u00e9s programm\u00e9es, de mettre en \u0153uvre les composantes sectorielles restantes et de revoir les composantes compl\u00e9mentaires li\u00e9es \u00e0 la mat\u00e9rialisation de l&#8217;Appel de Diewel, qui a \u00e9t\u00e9 int\u00e9gr\u00e9 dans le plan d&#8217;action du gouvernement.<\/p>\n<p>Enfin, le Premier ministre a engag\u00e9 les secteurs concern\u00e9s par le plan \u00e0 respecter les d\u00e9lais fix\u00e9s pour le lancement ou l&#8217;ach\u00e8vement de la mise en \u0153uvre de toutes ses composantes.<\/p>\n<\/div>\n<\/div>\n<\/div>\n","protected":false},"excerpt":{"rendered":"<p>Le Premier ministre Mohamed Bilal Messaoud a pr\u00e9sid\u00e9, mardi \u00e0 Nouakchott, la r\u00e9union ordinaire du comit\u00e9 minist\u00e9riel charg\u00e9 du suivi de la mise en \u0153uvre du programme du Pr\u00e9sident de la R\u00e9publique Monsieur Mohamed Ould Cheikh El Ghazouani sur l&#8217;\u00e9quit\u00e9, la citoyennet\u00e9 et la coh\u00e9sion sociale. Au cours de la r\u00e9union, le niveau de mise [&hellip;]<\/p>\n","protected":false},"author":8,"featured_media":241457,"comment_status":"open","ping_status":"open","sticky":false,"template":"","format":"standard","meta":{"footnotes":""},"categories":[63957,25,63921,63926],"tags":[],"class_list":["post-241456","post","type-post","status-publish","format-standard","has-post-thumbnail","hentry","category-fil-dactualite","category-25","category-slider-afficher","category-slider-general"],"_links":{"self":[{"href":"https:\/\/ami.mr\/fr\/wp-json\/wp\/v2\/posts\/241456","targetHints":{"allow":["GET"]}}],"collection":[{"href":"https:\/\/ami.mr\/fr\/wp-json\/wp\/v2\/posts"}],"about":[{"href":"https:\/\/ami.mr\/fr\/wp-json\/wp\/v2\/types\/post"}],"author":[{"embeddable":true,"href":"https:\/\/ami.mr\/fr\/wp-json\/wp\/v2\/users\/8"}],"replies":[{"embeddable":true,"href":"https:\/\/ami.mr\/fr\/wp-json\/wp\/v2\/comments?post=241456"}],"version-history":[{"count":1,"href":"https:\/\/ami.mr\/fr\/wp-json\/wp\/v2\/posts\/241456\/revisions"}],"predecessor-version":[{"id":241458,"href":"https:\/\/ami.mr\/fr\/wp-json\/wp\/v2\/posts\/241456\/revisions\/241458"}],"wp:featuredmedia":[{"embeddable":true,"href":"https:\/\/ami.mr\/fr\/wp-json\/wp\/v2\/media\/241457"}],"wp:attachment":[{"href":"https:\/\/ami.mr\/fr\/wp-json\/wp\/v2\/media?parent=241456"}],"wp:term":[{"taxonomy":"category","embeddable":true,"href":"https:\/\/ami.mr\/fr\/wp-json\/wp\/v2\/categories?post=241456"},{"taxonomy":"post_tag","embeddable":true,"href":"https:\/\/ami.mr\/fr\/wp-json\/wp\/v2\/tags?post=241456"}],"curies":[{"name":"wp","href":"https:\/\/api.w.org\/{rel}","templated":true}]}}