{"id":240938,"date":"2024-02-27T19:41:31","date_gmt":"2024-02-27T19:41:31","guid":{"rendered":"https:\/\/ami.mr\/fr\/?p=240938"},"modified":"2024-02-27T21:38:41","modified_gmt":"2024-02-27T21:38:41","slug":"commissaire-aux-droits-de-lhomme-la-mauritanie-a-realise-des-progres-significatifs-dans-la-promotion-et-la-protection-des-droits-de-lhomme","status":"publish","type":"post","link":"https:\/\/ami.mr\/fr\/archives\/240938","title":{"rendered":"Commissaire aux droits de l&#8217;homme: La Mauritanie a r\u00e9alis\u00e9 des progr\u00e8s significatifs dans la promotion et la protection des droits de l&#8217;homme"},"content":{"rendered":"<div class=\"row\"><\/div>\n<div class=\"row\">\n<div class=\"cell auto-size\">\n<div class=\"set-border bd-gray padding10 margin10 no-margin-right no-margin-left \" dir=\"ltr\">\n<p>Le Commissaire aux droits de l&#8217;homme, \u00e0 l&#8217;action humanitaire et aux relations avec la soci\u00e9t\u00e9 civile, M. Cheikh Ahmedou Ould Ahmed Salem Ould Sidi, a d\u00e9clar\u00e9 que la situation des droits de l&#8217;homme en Mauritanie au cours de l&#8217;ann\u00e9e \u00e9coul\u00e9e a connu des avanc\u00e9es significatives dans la promotion et la protection des droits civils, politiques, \u00e9conomiques, sociaux et culturels, renfor\u00e7ant les acquis nationaux en mati\u00e8re d\u2019\u00e9dification d&#8217;un Etat de droit et d&#8217;institutions et de consolidation des valeurs de la d\u00e9mocratie et des droits de l&#8217;homme.<\/p>\n<p>\u2018\u2019La Mauritanie a adopt\u00e9 une strat\u00e9gie nationale de promotion et de protection des droits de l&#8217;homme, la premi\u00e8re du genre dans le pays, qui a \u00e9t\u00e9 \u00e9labor\u00e9e en coop\u00e9ration avec le Haut- Commissariat des Nations Unies aux droits de l&#8217;homme (HCDH), \u00e0 l&#8217;issue d&#8217;une longue d\u00e9marche consultative impliquant divers acteurs dans le domaine des droits de l&#8217;homme\u2019\u2019 a \u2013t- il poursuivi dans un discours prononc\u00e9 mardi lors de la 55\u00e8me session du Conseil des droits de l&#8217;homme \u00e0 Gen\u00e8ve.<\/p>\n<p>Ould Ahmed Salem Ould Sidi a indiqu\u00e9 que la mise en \u0153uvre de cette strat\u00e9gie permettra la r\u00e9alisation d&#8217;une vision mauritanienne globale des diff\u00e9rentes questions et pr\u00e9occupations en mati\u00e8re de droits de l&#8217;homme dans le pays, afin de r\u00e9aliser la justice sociale et le progr\u00e8s, de renforcer l&#8217;\u00c9tat de droit et d&#8217;instaurer une soci\u00e9t\u00e9 inclusive et exempte de toute forme d&#8217;exclusion.<\/p>\n<p>Il a soulign\u00e9 que le cadre institutionnel des droits de l&#8217;homme en Mauritanie a connu un d\u00e9veloppement important, \u00e0 travers l&#8217;activation de l&#8217;Autorit\u00e9 nationale de lutte contre la traite des personnes et le trafic illicite de migrants, qui \u0153uvre \u00e0 travers ses diff\u00e9rents m\u00e9canismes pour assurer la protection des droits des victimes de ce ph\u00e9nom\u00e8ne honteux.<\/p>\n<p>Le commissaire aux droits de l\u2019Homme a not\u00e9 que la Mauritanie poursuit ses efforts inlassables, aux niveaux international et r\u00e9gional, pour contribuer activement \u00e0 la recherche de solutions aux diff\u00e9rents foyers de conflits dans le monde, notamment ceux de son voisinage r\u00e9gional dans la r\u00e9gion du Sahel et du Sahara, en accueillant et en h\u00e9bergeant les personnes d\u00e9plac\u00e9es et les demandeurs d&#8217;asile, et en relevant les d\u00e9fis \u00e0 travers diverses politiques et une approche s\u00e9curitaire globale afin de faire face au terrorisme, \u00e0 l&#8217;extr\u00e9misme et au crime organis\u00e9 transfrontalier.<\/p>\n<p>Il a relev\u00e9 que ces efforts seront renforc\u00e9s avec l&#8217;\u00e9lection de notre pays \u00e0 la pr\u00e9sidence de l&#8217;Union africaine pour l&#8217;ann\u00e9e en cours.<\/p>\n<p>Dans le cadre de la promotion des droits \u00e9conomiques et sociaux, le gouvernement mauritanien a poursuivi la mise en \u0153uvre du programme prioritaire \u00e9largi de Son Excellence le Pr\u00e9sident de la R\u00e9publique, M. Mohamed Ould Cheikh Ghazouani, qui comprend le plus grand nombre de projets simultan\u00e9s dans l&#8217;histoire du pays, visant \u00e0 augmenter le pouvoir d&#8217;achat des citoyens, \u00e0 am\u00e9liorer l&#8217;acc\u00e8s aux services de base, \u00e0 cr\u00e9er des opportunit\u00e9s d&#8217;emploi, \u00e0 adopter une strat\u00e9gie nationale de lutte contre la corruption et \u00e0 r\u00e9former les march\u00e9s publics \u00e0 travers la num\u00e9risation des proc\u00e9dures.<\/p>\n<p>Le Commissaire a pr\u00e9cis\u00e9 que la Mauritanie a renforc\u00e9 son interaction positive avec les m\u00e9canismes internationaux des droits de l&#8217;homme et, conform\u00e9ment \u00e0 ses obligations internationales en mati\u00e8re de droits de l&#8217;homme, a soumis des rapports initiaux et p\u00e9riodiques aux organes de trait\u00e9s, y compris le Comit\u00e9 pour l&#8217;\u00e9limination de toutes les formes de discrimination \u00e0 l&#8217;\u00e9gard des femmes (CEDAW), le Comit\u00e9 des droits des personnes handicap\u00e9es, le Comit\u00e9 pour la protection de toutes les personnes contre les disparitions forc\u00e9es et le Comit\u00e9 des droits \u00e9conomiques, sociaux et culturels.<\/p>\n<p>Au nom du gouvernement de la R\u00e9publique islamique de Mauritanie, il a appr\u00e9ci\u00e9 l\u2019action de tous les organes des Nations unies qui accompagnent et soutiennent notre pays dans le domaine des droits de l&#8217;homme, en particulier le bureau du HCDH en Mauritanie, ainsi que les institutions nationales des droits de l&#8217;homme, les organisations de d\u00e9fense des droits de l&#8217;homme et tous les partenaires techniques et financiers, exprimant la d\u00e9termination des plus hautes autorit\u00e9s de notre pays \u00e0 continuer d&#8217;accompagner tous les efforts visant \u00e0 pr\u00e9server et \u00e0 maintenir la dignit\u00e9 humaine conform\u00e9ment aux normes internationales et aux capacit\u00e9s et ressources disponibles.<\/p>\n<p>M. Ould Mohamed Salem Ould Sidi a soulign\u00e9 qu&#8217;au moment de parler des droits de l&#8217;homme dans le monde, il est impossible de ne pas rappeler les souffrances du peuple palestinien dans la bande de Gaza, qui ont d\u00e9pass\u00e9 toutes les attentes et perceptions, notant que les sc\u00e8nes de destruction massive, les milliers de morts et les dizaines de milliers de femmes, d&#8217;enfants, de personnes \u00e2g\u00e9es et d&#8217;innocents non arm\u00e9s d\u00e9plac\u00e9s et bless\u00e9s sont les formes les plus odieuses de crimes contre l&#8217;humanit\u00e9.<\/p>\n<p>Il a ajout\u00e9 que la communaut\u00e9 internationale devait, aujourd&#8217;hui plus que jamais, redoubler d&#8217;efforts pour s&#8217;opposer aux crimes humanitaires perp\u00e9tr\u00e9s contre les civils \u00e0 Gaza et intervenir avec le poids n\u00e9cessaire pour faire cesser le cessez-le-feu et apporter l&#8217;aide humanitaire n\u00e9cessaire en quantit\u00e9 suffisante, afin que la communaut\u00e9 internationale ne perde pas sa cr\u00e9dibilit\u00e9 et ne perde pas confiance dans ses slogans et ses principes et que la dignit\u00e9 et les droits de l&#8217;homme ne soient pas sacr\u00e9s en fonction de l&#8217;appartenance.<\/p>\n<\/div>\n<\/div>\n<\/div>\n","protected":false},"excerpt":{"rendered":"<p>Le Commissaire aux droits de l&#8217;homme, \u00e0 l&#8217;action humanitaire et aux relations avec la soci\u00e9t\u00e9 civile, M. Cheikh Ahmedou Ould Ahmed Salem Ould Sidi, a d\u00e9clar\u00e9 que la situation des droits de l&#8217;homme en Mauritanie au cours de l&#8217;ann\u00e9e \u00e9coul\u00e9e a connu des avanc\u00e9es significatives dans la promotion et la protection des droits civils, politiques, [&hellip;]<\/p>\n","protected":false},"author":8,"featured_media":240954,"comment_status":"open","ping_status":"open","sticky":false,"template":"","format":"standard","meta":{"footnotes":""},"categories":[63920,63957,25,63926],"tags":[],"class_list":["post-240938","post","type-post","status-publish","format-standard","has-post-thumbnail","hentry","category-a-la-une","category-fil-dactualite","category-25","category-slider-general"],"_links":{"self":[{"href":"https:\/\/ami.mr\/fr\/wp-json\/wp\/v2\/posts\/240938","targetHints":{"allow":["GET"]}}],"collection":[{"href":"https:\/\/ami.mr\/fr\/wp-json\/wp\/v2\/posts"}],"about":[{"href":"https:\/\/ami.mr\/fr\/wp-json\/wp\/v2\/types\/post"}],"author":[{"embeddable":true,"href":"https:\/\/ami.mr\/fr\/wp-json\/wp\/v2\/users\/8"}],"replies":[{"embeddable":true,"href":"https:\/\/ami.mr\/fr\/wp-json\/wp\/v2\/comments?post=240938"}],"version-history":[{"count":3,"href":"https:\/\/ami.mr\/fr\/wp-json\/wp\/v2\/posts\/240938\/revisions"}],"predecessor-version":[{"id":240955,"href":"https:\/\/ami.mr\/fr\/wp-json\/wp\/v2\/posts\/240938\/revisions\/240955"}],"wp:featuredmedia":[{"embeddable":true,"href":"https:\/\/ami.mr\/fr\/wp-json\/wp\/v2\/media\/240954"}],"wp:attachment":[{"href":"https:\/\/ami.mr\/fr\/wp-json\/wp\/v2\/media?parent=240938"}],"wp:term":[{"taxonomy":"category","embeddable":true,"href":"https:\/\/ami.mr\/fr\/wp-json\/wp\/v2\/categories?post=240938"},{"taxonomy":"post_tag","embeddable":true,"href":"https:\/\/ami.mr\/fr\/wp-json\/wp\/v2\/tags?post=240938"}],"curies":[{"name":"wp","href":"https:\/\/api.w.org\/{rel}","templated":true}]}}