{"id":240934,"date":"2024-02-27T19:35:56","date_gmt":"2024-02-27T19:35:56","guid":{"rendered":"https:\/\/ami.mr\/fr\/?p=240934"},"modified":"2024-02-27T22:03:44","modified_gmt":"2024-02-27T22:03:44","slug":"le-president-de-la-republique-recoit-les-lettres-de-creance-de-lambassadeur-dirlande","status":"publish","type":"post","link":"https:\/\/ami.mr\/fr\/archives\/240934","title":{"rendered":"Le Pr\u00e9sident de la R\u00e9publique re\u00e7oit les lettres de cr\u00e9ance de l&#8217;ambassadeur d&#8217;Irlande"},"content":{"rendered":"<p><img decoding=\"async\" class=\"size-medium wp-image-240935 alignleft\" src=\"https:\/\/ami.mr\/fr\/wp-content\/uploads\/2024\/02\/27-02-2024-s0021-300x176.jpg\" alt=\"\" width=\"300\" height=\"176\" srcset=\"https:\/\/ami.mr\/fr\/wp-content\/uploads\/2024\/02\/27-02-2024-s0021-300x176.jpg 300w, https:\/\/ami.mr\/fr\/wp-content\/uploads\/2024\/02\/27-02-2024-s0021-768x450.jpg 768w, https:\/\/ami.mr\/fr\/wp-content\/uploads\/2024\/02\/27-02-2024-s0021-357x210.jpg 357w, https:\/\/ami.mr\/fr\/wp-content\/uploads\/2024\/02\/27-02-2024-s0021.jpg 796w\" sizes=\"(max-width: 300px) 100vw, 300px\" \/><\/p>\n<div class=\"row\">\n<div class=\"cell auto-size\">\n<div class=\"set-border bd-gray padding10 margin10 no-margin-right no-margin-left \" dir=\"ltr\">\n<p>S.E. le Pr\u00e9sident de la R\u00e9publique Mohamed Ould Cheikh El Ghazouani a re\u00e7u mardi, au palais pr\u00e9sidentiel \u00e0 Nouakchott, les lettres de cr\u00e9ance de S.E. James McIntyer, en qualit\u00e9 d&#8217;ambassadeur extraordinaire et pl\u00e9nipotentiaire de la R\u00e9publique d&#8217;Irlande aupr\u00e8s de la R\u00e9publique Islamique de Mauritanie.<\/p>\n<p>Apr\u00e8s la pr\u00e9sentation des lettres de cr\u00e9ance, le Pr\u00e9sident de la R\u00e9publique a accord\u00e9 une audience au diplomate irlandais en pr\u00e9sence de M. Mohamed Salem Ould Merzoug, ministre des Affaires \u00e9trang\u00e8res, de la Coop\u00e9ration et des Mauritaniens de l&#8217;Ext\u00e9rieur.<\/p>\n<p>A l&#8217;issue de l&#8217;entretien, le diplomate irlandais a fait une d\u00e9claration \u00e0 l&#8217;Agence Mauritanienne d\u2019Information (AMI) dans laquelle il a exprim\u00e9 tout le plaisir qu\u2019il ressent de pr\u00e9senter ses lettres de cr\u00e9ance au Pr\u00e9sident de la R\u00e9publique en sa qualit\u00e9 d\u2019ambassadeur d&#8217;Irlande aupr\u00e8s de la R\u00e9publique Islamique de Mauritanie.<\/p>\n<p>Il a soulign\u00e9 qu&#8217;il \u0153uvrera de son mieux pour renforcer et approfondir les relations entre la Mauritanie et l&#8217;Irlande dans divers domaines et d\u00e9velopper la coop\u00e9ration dans les secteurs prioritaires.<\/p>\n<p>Il a saisi cette occasion pour f\u00e9liciter S.E. le Pr\u00e9sident de la R\u00e9publique pour son \u00e9lection \u00e0 la pr\u00e9sidence de l&#8217;Union Africaine, pr\u00e9cisant qu&#8217;il a pass\u00e9 en revue avec le Chef de l\u2019Etat les relations entre son pays et l&#8217;Union africaine, r\u00e9affirmant l&#8217;importance d&#8217;\u0153uvrer au d\u00e9veloppement de la coop\u00e9ration entre la Mauritanie et l&#8217;Irlande.<\/p>\n<p>La c\u00e9r\u00e9monie de remise des lettres de cr\u00e9ance s&#8217;est d\u00e9roul\u00e9e en pr\u00e9sence de MM :<\/p>\n<p>&#8211; Mohamed Salem Ould Merzoug, ministre des Affaires Etrang\u00e8res, de la Coop\u00e9ration et des Mauritaniens de l&#8217;Ext\u00e9rieur.<\/p>\n<p>&#8211; Harouna Traor\u00e9, conseiller \u00e0 la Pr\u00e9sidence de la R\u00e9publique.<\/p>\n<p>&#8211; Mohamed El Hanchi Kettab, ambassadeur, directeur g\u00e9n\u00e9ral de la Coop\u00e9ration Bilat\u00e9rale au minist\u00e8re des Affaires Etrang\u00e8res, de la Coop\u00e9ration et des Mauritaniens de l&#8217;Ext\u00e9rieur.<\/p>\n<\/div>\n<\/div>\n<\/div>\n","protected":false},"excerpt":{"rendered":"<p>S.E. le Pr\u00e9sident de la R\u00e9publique Mohamed Ould Cheikh El Ghazouani a re\u00e7u mardi, au palais pr\u00e9sidentiel \u00e0 Nouakchott, les lettres de cr\u00e9ance de S.E. James McIntyer, en qualit\u00e9 d&#8217;ambassadeur extraordinaire et pl\u00e9nipotentiaire de la R\u00e9publique d&#8217;Irlande aupr\u00e8s de la R\u00e9publique Islamique de Mauritanie. Apr\u00e8s la pr\u00e9sentation des lettres de cr\u00e9ance, le Pr\u00e9sident de la [&hellip;]<\/p>\n","protected":false},"author":8,"featured_media":240936,"comment_status":"open","ping_status":"open","sticky":false,"template":"","format":"standard","meta":{"footnotes":""},"categories":[63957,63959,63921,63927],"tags":[],"class_list":["post-240934","post","type-post","status-publish","format-standard","has-post-thumbnail","hentry","category-fil-dactualite","category-mauritanie","category-slider-afficher","category-slider-mauritanie"],"_links":{"self":[{"href":"https:\/\/ami.mr\/fr\/wp-json\/wp\/v2\/posts\/240934","targetHints":{"allow":["GET"]}}],"collection":[{"href":"https:\/\/ami.mr\/fr\/wp-json\/wp\/v2\/posts"}],"about":[{"href":"https:\/\/ami.mr\/fr\/wp-json\/wp\/v2\/types\/post"}],"author":[{"embeddable":true,"href":"https:\/\/ami.mr\/fr\/wp-json\/wp\/v2\/users\/8"}],"replies":[{"embeddable":true,"href":"https:\/\/ami.mr\/fr\/wp-json\/wp\/v2\/comments?post=240934"}],"version-history":[{"count":3,"href":"https:\/\/ami.mr\/fr\/wp-json\/wp\/v2\/posts\/240934\/revisions"}],"predecessor-version":[{"id":240965,"href":"https:\/\/ami.mr\/fr\/wp-json\/wp\/v2\/posts\/240934\/revisions\/240965"}],"wp:featuredmedia":[{"embeddable":true,"href":"https:\/\/ami.mr\/fr\/wp-json\/wp\/v2\/media\/240936"}],"wp:attachment":[{"href":"https:\/\/ami.mr\/fr\/wp-json\/wp\/v2\/media?parent=240934"}],"wp:term":[{"taxonomy":"category","embeddable":true,"href":"https:\/\/ami.mr\/fr\/wp-json\/wp\/v2\/categories?post=240934"},{"taxonomy":"post_tag","embeddable":true,"href":"https:\/\/ami.mr\/fr\/wp-json\/wp\/v2\/tags?post=240934"}],"curies":[{"name":"wp","href":"https:\/\/api.w.org\/{rel}","templated":true}]}}