{"id":240397,"date":"2024-02-20T17:14:22","date_gmt":"2024-02-20T17:14:22","guid":{"rendered":"https:\/\/ami.mr\/fr\/?p=240397"},"modified":"2024-02-20T17:14:22","modified_gmt":"2024-02-20T17:14:22","slug":"le-ministre-des-finances-recoit-une-mission-du-fmi-12","status":"publish","type":"post","link":"https:\/\/ami.mr\/fr\/archives\/240397","title":{"rendered":"Le ministre des Finances re\u00e7oit une mission du FMI"},"content":{"rendered":"<p>Le ministre des Finances, M. Isselmou Ould Mohamed M\u2019badi, a re\u00e7u, mardi \u00e0 Nouakchott, une mission du Fonds mon\u00e9taire international (FMI), dirig\u00e9e par M. Ron Snibylski Nischli, conseiller juridique principal du FMI.<\/p>\n<p>La rencontre fut l\u2019occasion de passer en revue les domaines de coop\u00e9ration entre la Mauritanie et cet organisme financier international, ainsi que les moyens de renforcer et de d\u00e9velopper cette coop\u00e9ration en faveur du d\u00e9veloppement \u00e9conomique de notre pays.<\/p>\n<p>La rencontre s\u2019est d\u00e9roul\u00e9e en pr\u00e9sence de M. Abdelkader Ould Dadda, directeur de la tutelle financi\u00e8re au minist\u00e8re.<\/p>\n","protected":false},"excerpt":{"rendered":"<p>Le ministre des Finances, M. Isselmou Ould Mohamed M\u2019badi, a re\u00e7u, mardi \u00e0 Nouakchott, une mission du Fonds mon\u00e9taire international (FMI), dirig\u00e9e par M. Ron Snibylski Nischli, conseiller juridique principal du FMI. La rencontre fut l\u2019occasion de passer en revue les domaines de coop\u00e9ration entre la Mauritanie et cet organisme financier international, ainsi que les [&hellip;]<\/p>\n","protected":false},"author":5,"featured_media":240398,"comment_status":"open","ping_status":"open","sticky":false,"template":"","format":"standard","meta":{"footnotes":""},"categories":[63918,63957,63959,63927],"tags":[],"class_list":["post-240397","post","type-post","status-publish","format-standard","has-post-thumbnail","hentry","category-autres","category-fil-dactualite","category-mauritanie","category-slider-mauritanie"],"_links":{"self":[{"href":"https:\/\/ami.mr\/fr\/wp-json\/wp\/v2\/posts\/240397","targetHints":{"allow":["GET"]}}],"collection":[{"href":"https:\/\/ami.mr\/fr\/wp-json\/wp\/v2\/posts"}],"about":[{"href":"https:\/\/ami.mr\/fr\/wp-json\/wp\/v2\/types\/post"}],"author":[{"embeddable":true,"href":"https:\/\/ami.mr\/fr\/wp-json\/wp\/v2\/users\/5"}],"replies":[{"embeddable":true,"href":"https:\/\/ami.mr\/fr\/wp-json\/wp\/v2\/comments?post=240397"}],"version-history":[{"count":1,"href":"https:\/\/ami.mr\/fr\/wp-json\/wp\/v2\/posts\/240397\/revisions"}],"predecessor-version":[{"id":240400,"href":"https:\/\/ami.mr\/fr\/wp-json\/wp\/v2\/posts\/240397\/revisions\/240400"}],"wp:featuredmedia":[{"embeddable":true,"href":"https:\/\/ami.mr\/fr\/wp-json\/wp\/v2\/media\/240398"}],"wp:attachment":[{"href":"https:\/\/ami.mr\/fr\/wp-json\/wp\/v2\/media?parent=240397"}],"wp:term":[{"taxonomy":"category","embeddable":true,"href":"https:\/\/ami.mr\/fr\/wp-json\/wp\/v2\/categories?post=240397"},{"taxonomy":"post_tag","embeddable":true,"href":"https:\/\/ami.mr\/fr\/wp-json\/wp\/v2\/tags?post=240397"}],"curies":[{"name":"wp","href":"https:\/\/api.w.org\/{rel}","templated":true}]}}