{"id":240326,"date":"2024-02-19T19:04:42","date_gmt":"2024-02-19T19:04:42","guid":{"rendered":"https:\/\/ami.mr\/fr\/?p=240326"},"modified":"2024-02-19T20:16:31","modified_gmt":"2024-02-19T20:16:31","slug":"kiffa-le-directeur-du-cabinet-du-wali-presente-les-condoleances-du-president-de-la-republique-a-la-famille-de-mokhtar-ould-ammine","status":"publish","type":"post","link":"https:\/\/ami.mr\/fr\/archives\/240326","title":{"rendered":"Kiffa : Le directeur du cabinet du wali pr\u00e9sente les condol\u00e9ances du Pr\u00e9sident de la R\u00e9publique \u00e0 la famille de Mokhtar Ould Ammine"},"content":{"rendered":"<div class=\"row\"><\/div>\n<div class=\"row\">\n<div class=\"cell auto-size\">\n<div class=\"set-border bd-gray padding10 margin10 no-margin-right no-margin-left \" dir=\"ltr\">\n<p>Au nom du Pr\u00e9sident de la R\u00e9publique, le directeur du cabinet du wali de l&#8217;Assaba, M. Ahmed Bezeid Ould Ahmed Yacoub, au nom du Pr\u00e9sident de la R\u00e9publique, a pr\u00e9sent\u00e9 ses condol\u00e9ances \u00e0 la famille de feu Mokhtar Ould Ammine.<\/p>\n<p>Le Directeur du cabinet du wali de l\u2019Assaba a pr\u00e9sent\u00e9 les condol\u00e9ances et la sympathie de Son Excellence le Pr\u00e9sident de la R\u00e9publique \u00e0 la famille du d\u00e9funt et \u00e0 tous les habitants de la wilaya de l\u2019Assaba, implorant Allah Tout-Puissant de lui accorder Sa mis\u00e9ricorde et de l\u2019habiter dans Son vaste Paradis, et d\u2019inspirer patience et r\u00e9confort \u00e0 sa famille.<\/p>\n<p>Au nom de la famille, le fils du d\u00e9funt a exprim\u00e9 sa gratitude et ses remerciements au Pr\u00e9sident de la R\u00e9publique, M. Mohamed Ould Cheikh El-Ghazouani, et \u00e0 l\u2019ensemble des autorit\u00e9s publiques pour leur sympathie et leur soutien \u00e0 la famille en cette circonstance particuli\u00e8re.<\/p>\n<p>Le directeur du cabinet du wali \u00e9tait accompagn\u00e9 du hakem de la moughataa de Kiffa, M. Mohamed El Houcein Dj\u00e8h, du maire de la commune de Kiffa, M. Jamal Ould Keboud, et des autorit\u00e9s de s\u00e9curit\u00e9 de la wilaya.<\/p>\n<\/div>\n<\/div>\n<\/div>\n","protected":false},"excerpt":{"rendered":"<p>Au nom du Pr\u00e9sident de la R\u00e9publique, le directeur du cabinet du wali de l&#8217;Assaba, M. Ahmed Bezeid Ould Ahmed Yacoub, au nom du Pr\u00e9sident de la R\u00e9publique, a pr\u00e9sent\u00e9 ses condol\u00e9ances \u00e0 la famille de feu Mokhtar Ould Ammine. Le Directeur du cabinet du wali de l\u2019Assaba a pr\u00e9sent\u00e9 les condol\u00e9ances et la sympathie [&hellip;]<\/p>\n","protected":false},"author":8,"featured_media":240327,"comment_status":"open","ping_status":"open","sticky":false,"template":"","format":"standard","meta":{"footnotes":""},"categories":[63918,63957],"tags":[],"class_list":["post-240326","post","type-post","status-publish","format-standard","has-post-thumbnail","hentry","category-autres","category-fil-dactualite"],"_links":{"self":[{"href":"https:\/\/ami.mr\/fr\/wp-json\/wp\/v2\/posts\/240326","targetHints":{"allow":["GET"]}}],"collection":[{"href":"https:\/\/ami.mr\/fr\/wp-json\/wp\/v2\/posts"}],"about":[{"href":"https:\/\/ami.mr\/fr\/wp-json\/wp\/v2\/types\/post"}],"author":[{"embeddable":true,"href":"https:\/\/ami.mr\/fr\/wp-json\/wp\/v2\/users\/8"}],"replies":[{"embeddable":true,"href":"https:\/\/ami.mr\/fr\/wp-json\/wp\/v2\/comments?post=240326"}],"version-history":[{"count":2,"href":"https:\/\/ami.mr\/fr\/wp-json\/wp\/v2\/posts\/240326\/revisions"}],"predecessor-version":[{"id":240335,"href":"https:\/\/ami.mr\/fr\/wp-json\/wp\/v2\/posts\/240326\/revisions\/240335"}],"wp:featuredmedia":[{"embeddable":true,"href":"https:\/\/ami.mr\/fr\/wp-json\/wp\/v2\/media\/240327"}],"wp:attachment":[{"href":"https:\/\/ami.mr\/fr\/wp-json\/wp\/v2\/media?parent=240326"}],"wp:term":[{"taxonomy":"category","embeddable":true,"href":"https:\/\/ami.mr\/fr\/wp-json\/wp\/v2\/categories?post=240326"},{"taxonomy":"post_tag","embeddable":true,"href":"https:\/\/ami.mr\/fr\/wp-json\/wp\/v2\/tags?post=240326"}],"curies":[{"name":"wp","href":"https:\/\/api.w.org\/{rel}","templated":true}]}}