{"id":240280,"date":"2024-02-18T19:51:16","date_gmt":"2024-02-18T19:51:16","guid":{"rendered":"https:\/\/ami.mr\/fr\/?p=240280"},"modified":"2024-02-18T19:51:16","modified_gmt":"2024-02-18T19:51:16","slug":"le-ministre-de-lagriculture-se-rend-a-doha","status":"publish","type":"post","link":"https:\/\/ami.mr\/fr\/archives\/240280","title":{"rendered":"Le ministre de l&#8217;Agriculture se rend \u00e0 Doha"},"content":{"rendered":"<div class=\"row\"><\/div>\n<div class=\"row\">\n<div class=\"cell auto-size\">\n<div class=\"set-border bd-gray padding10 margin10 no-margin-right no-margin-left \" dir=\"ltr\">\n<p>Le ministre de l&#8217;Agriculture, M. Momma Ould Beybati, a quitt\u00e9 Nouakchott, dimanche soir \u00e0 destination de l&#8217;Etat du Qatar o\u00f9 il supervisera le lancement des activit\u00e9s du forum des affaires mauritanien et l&#8217;ouverture de la journ\u00e9e nationale de la Mauritanie \u00e0 l&#8217;Expo Doha 2023 qui d\u00e9butera le 20 f\u00e9vrier 2024 dans la ville de Doha.<\/p>\n<p>La participation de la Mauritanie aux festivit\u00e9s de l&#8217;Expo Doha 2023 est consid\u00e9r\u00e9e comme une opportunit\u00e9 pour faire connaitre les potentialit\u00e9s \u00e9conomiques nationales et les r\u00e9alisations accomplies dans le cadre de l&#8217;am\u00e9lioration du climat d&#8217;investissement dans tous les domaines en Mauritanie.<\/p>\n<p>L&#8217;ouverture de la journ\u00e9e de la Mauritanie \u00e0 l&#8217;Expo constituera une occasion pour renforcer la participation du pays \u00e0 cette manifestation internationale et contribuera au d\u00e9veloppement des relations de coop\u00e9ration entre la Mauritanie et le Qatar.<\/p>\n<p>Au cours de ce voyage, le ministre est accompagn\u00e9 de son conseiller technique charg\u00e9 de la recherche et et de la formation, M. Mohamed El Moctar ould Mohamed Mahmoud, du directeur du centre national des recherches agricoles et du d\u00e9veloppement de l&#8217;agriculture, M. Sidi Ould Ely et d&#8217;une d\u00e9l\u00e9gation d&#8217;investisseurs mauritaniens.<\/p>\n<\/div>\n<\/div>\n<\/div>\n","protected":false},"excerpt":{"rendered":"<p>Le ministre de l&#8217;Agriculture, M. Momma Ould Beybati, a quitt\u00e9 Nouakchott, dimanche soir \u00e0 destination de l&#8217;Etat du Qatar o\u00f9 il supervisera le lancement des activit\u00e9s du forum des affaires mauritanien et l&#8217;ouverture de la journ\u00e9e nationale de la Mauritanie \u00e0 l&#8217;Expo Doha 2023 qui d\u00e9butera le 20 f\u00e9vrier 2024 dans la ville de Doha. [&hellip;]<\/p>\n","protected":false},"author":8,"featured_media":240281,"comment_status":"open","ping_status":"open","sticky":false,"template":"","format":"standard","meta":{"footnotes":""},"categories":[63918,63957],"tags":[],"class_list":["post-240280","post","type-post","status-publish","format-standard","has-post-thumbnail","hentry","category-autres","category-fil-dactualite"],"_links":{"self":[{"href":"https:\/\/ami.mr\/fr\/wp-json\/wp\/v2\/posts\/240280","targetHints":{"allow":["GET"]}}],"collection":[{"href":"https:\/\/ami.mr\/fr\/wp-json\/wp\/v2\/posts"}],"about":[{"href":"https:\/\/ami.mr\/fr\/wp-json\/wp\/v2\/types\/post"}],"author":[{"embeddable":true,"href":"https:\/\/ami.mr\/fr\/wp-json\/wp\/v2\/users\/8"}],"replies":[{"embeddable":true,"href":"https:\/\/ami.mr\/fr\/wp-json\/wp\/v2\/comments?post=240280"}],"version-history":[{"count":1,"href":"https:\/\/ami.mr\/fr\/wp-json\/wp\/v2\/posts\/240280\/revisions"}],"predecessor-version":[{"id":240282,"href":"https:\/\/ami.mr\/fr\/wp-json\/wp\/v2\/posts\/240280\/revisions\/240282"}],"wp:featuredmedia":[{"embeddable":true,"href":"https:\/\/ami.mr\/fr\/wp-json\/wp\/v2\/media\/240281"}],"wp:attachment":[{"href":"https:\/\/ami.mr\/fr\/wp-json\/wp\/v2\/media?parent=240280"}],"wp:term":[{"taxonomy":"category","embeddable":true,"href":"https:\/\/ami.mr\/fr\/wp-json\/wp\/v2\/categories?post=240280"},{"taxonomy":"post_tag","embeddable":true,"href":"https:\/\/ami.mr\/fr\/wp-json\/wp\/v2\/tags?post=240280"}],"curies":[{"name":"wp","href":"https:\/\/api.w.org\/{rel}","templated":true}]}}