{"id":240233,"date":"2024-02-17T20:14:37","date_gmt":"2024-02-17T20:14:37","guid":{"rendered":"https:\/\/ami.mr\/fr\/?p=240233"},"modified":"2024-02-17T20:14:37","modified_gmt":"2024-02-17T20:14:37","slug":"le-comite-dorganisation-de-la-48eme-assemblee-generale-de-la-federation-des-societes-dassurances-de-droit-national-africaines-passe-en-revue-le-programme-de-lassemblee-de-la-conference-lors-du","status":"publish","type":"post","link":"https:\/\/ami.mr\/fr\/archives\/240233","title":{"rendered":"Le comit\u00e9 d&#8217;organisation de la 48\u00e8me assembl\u00e9e g\u00e9n\u00e9rale de la F\u00e9d\u00e9ration des Soci\u00e9t\u00e9s d&#8217;Assurances de Droit National Africaines passe en revue le programme de l&#8217;assembl\u00e9e de la conf\u00e9rence lors d&#8217;une conf\u00e9rence de presse"},"content":{"rendered":"<p>L&#8217;organisation de la conf\u00e9rence de la 48\u00e8me assembl\u00e9e g\u00e9n\u00e9rale de la F\u00e9d\u00e9ration des Soci\u00e9t\u00e9s d&#8217;Assurances de Droit National Africaines (FANAF) qui se tiendra demain dimanche, \u00e0 Nouakchott, sous le haut patronage de Son Excellence le Pr\u00e9sident de la R\u00e9publique, Monsieur Mohamed Ould Cheikh El-Ghazouani, confirme le r\u00f4le central jou\u00e9 par la Mauritanie en tant que membre important de l&#8217;Union africaine.<\/p>\n<p>Ces d\u00e9clarations ont \u00e9t\u00e9 faites aujourd\u2019hui samedi \u00e0 Nouakchott, par le Pr\u00e9sident de de la F\u00e9d\u00e9ration des Soci\u00e9t\u00e9s d&#8217;Assurances de Droit National Africaines (FANAF) M. C\u00e9sar Ekomie Afene, lors d&#8217;une conf\u00e9rence de presse tenue par ledit comit\u00e9 d&#8217;organisation.<\/p>\n<p>Le choix de la Mauritanie pour organiser ce forum aura de grands r\u00e9sultats positifs pour les compagnies d&#8217;assurance mauritaniennes et les march\u00e9s locaux, sans oublier bien s\u00fbr sa contribution \u00e0 l&#8217;\u00e9change d&#8217;id\u00e9es et d&#8217;exp\u00e9riences avec de nombreuses entreprises \u00e0 travers le monde, a-t-il ajout\u00e9.<\/p>\n<p>La conf\u00e9rence abordera, sur une p\u00e9riode de cinq jours, un certain nombre de dossiers li\u00e9s \u00e0 l&#8217;assurance, qui portent g\u00e9n\u00e9ralement sur le r\u00f4le qu&#8217;elle joue dans les domaines \u00e9conomiques et sociaux, a pr\u00e9cis\u00e9 de son c\u00f4t\u00e9, le pr\u00e9sident de l\u2019Association Professionnelle des Assureurs Mauritaniens (APAM) M. Hamoud Bechir Kamal.<\/p>\n<p>Le pr\u00e9sident du comit\u00e9 d&#8217;organisation de la conf\u00e9rence, M. Abdullah Al-Qurashi, avait pr\u00e9c\u00e9demment soulign\u00e9 dans un discours l&#8217;importance de cette r\u00e9union dans le renforcement du r\u00f4le du secteur des assurances dans le pays \u00e0 tous les niveaux.<\/p>\n<p>Plus de 800 personnes venues des diff\u00e9rents continents du monde prendront part \u00e0 cet \u00e9v\u00e9nement, a-t-il pr\u00e9cis\u00e9.<\/p>\n<p>La conf\u00e9rence de presse s&#8217;est d\u00e9roul\u00e9e en pr\u00e9sence des membres de la FANAF et de l\u2019APAM.<\/p>\n","protected":false},"excerpt":{"rendered":"<p>L&#8217;organisation de la conf\u00e9rence de la 48\u00e8me assembl\u00e9e g\u00e9n\u00e9rale de la F\u00e9d\u00e9ration des Soci\u00e9t\u00e9s d&#8217;Assurances de Droit National Africaines (FANAF) qui se tiendra demain dimanche, \u00e0 Nouakchott, sous le haut patronage de Son Excellence le Pr\u00e9sident de la R\u00e9publique, Monsieur Mohamed Ould Cheikh El-Ghazouani, confirme le r\u00f4le central jou\u00e9 par la Mauritanie en tant que [&hellip;]<\/p>\n","protected":false},"author":5,"featured_media":240234,"comment_status":"open","ping_status":"open","sticky":false,"template":"","format":"standard","meta":{"footnotes":""},"categories":[63918,63957,63959,63927],"tags":[],"class_list":["post-240233","post","type-post","status-publish","format-standard","has-post-thumbnail","hentry","category-autres","category-fil-dactualite","category-mauritanie","category-slider-mauritanie"],"_links":{"self":[{"href":"https:\/\/ami.mr\/fr\/wp-json\/wp\/v2\/posts\/240233","targetHints":{"allow":["GET"]}}],"collection":[{"href":"https:\/\/ami.mr\/fr\/wp-json\/wp\/v2\/posts"}],"about":[{"href":"https:\/\/ami.mr\/fr\/wp-json\/wp\/v2\/types\/post"}],"author":[{"embeddable":true,"href":"https:\/\/ami.mr\/fr\/wp-json\/wp\/v2\/users\/5"}],"replies":[{"embeddable":true,"href":"https:\/\/ami.mr\/fr\/wp-json\/wp\/v2\/comments?post=240233"}],"version-history":[{"count":1,"href":"https:\/\/ami.mr\/fr\/wp-json\/wp\/v2\/posts\/240233\/revisions"}],"predecessor-version":[{"id":240235,"href":"https:\/\/ami.mr\/fr\/wp-json\/wp\/v2\/posts\/240233\/revisions\/240235"}],"wp:featuredmedia":[{"embeddable":true,"href":"https:\/\/ami.mr\/fr\/wp-json\/wp\/v2\/media\/240234"}],"wp:attachment":[{"href":"https:\/\/ami.mr\/fr\/wp-json\/wp\/v2\/media?parent=240233"}],"wp:term":[{"taxonomy":"category","embeddable":true,"href":"https:\/\/ami.mr\/fr\/wp-json\/wp\/v2\/categories?post=240233"},{"taxonomy":"post_tag","embeddable":true,"href":"https:\/\/ami.mr\/fr\/wp-json\/wp\/v2\/tags?post=240233"}],"curies":[{"name":"wp","href":"https:\/\/api.w.org\/{rel}","templated":true}]}}