{"id":240226,"date":"2024-02-17T19:32:33","date_gmt":"2024-02-17T19:32:33","guid":{"rendered":"https:\/\/ami.mr\/fr\/?p=240226"},"modified":"2024-02-17T19:32:33","modified_gmt":"2024-02-17T19:32:33","slug":"trarza-reunion-pour-discuter-les-mecanismes-permettant-lorganisation-reussie-de-la-semaine-nationale-de-la-culture-de-la-jeunesse-et-des-sports","status":"publish","type":"post","link":"https:\/\/ami.mr\/fr\/archives\/240226","title":{"rendered":"Trarza: R\u00e9union pour discuter les m\u00e9canismes permettant l&#8217;organisation r\u00e9ussie de la semaine nationale de la culture, de la jeunesse et des sports"},"content":{"rendered":"<p>Le wali du Trarza, M. Mohamed Ould Ahmed Maouloud, a pr\u00e9sid\u00e9, samedi dans les locaux de la wilaya, une r\u00e9union de pr\u00e9paration de la semaine nationale de la culture, de la jeunesse et des sports.<\/p>\n<p>Dans le mot qu&#8217;il a prononc\u00e9 pour la circonstance, le wali a indiqu\u00e9 que cette r\u00e9union s&#8217;inscrit dans le cadre de l&#8217;int\u00e9r\u00eat qu&#8217;accordent les pouvoirs publics \u00e0 la culture et au sport, soulignant que le minist\u00e8re de la culture, de la jeunesse, des sports et des relations avec le parlement a pris l&#8217;habitude d&#8217;organiser, depuis l&#8217;ann\u00e9e derni\u00e8re, cette manifestation annuelle dans toutes les wilayas du pays dans le but d&#8217;enrichir la sc\u00e8ne culturelle et sportive.<\/p>\n<p>Il a ajout\u00e9 que cette semaine comporte l&#8217;organisation d&#8217;activit\u00e9s culturelles et sportives, gr\u00e2ce \u00e0 la collaboration entre le d\u00e9partement de la culture et le minist\u00e8re de l&#8217;\u00e9ducation nationale et de la r\u00e9forme du syst\u00e8me de l&#8217;enseignement.<\/p>\n<p>Il a insist\u00e9 sur l&#8217;importance de cette semaine dans la dynamisation de la sc\u00e8ne culturelle et sportive dans la wilaya, ce qui, a-t-il dit, exige des chefs des services et de la d\u00e9l\u00e9gation r\u00e9gionale du minist\u00e8re de la culture, de la jeunesse, des sports et des relations avec le parlement de coordonner \u00e9troitement en vue de l&#8217;organiser dans de bonnes conditions.<\/p>\n<p>Il a soulign\u00e9 que les commissions de supervision se doivent d&#8217;accorder l&#8217;int\u00e9r\u00eat n\u00e9cessaire aux diff\u00e9rentes activit\u00e9s.<\/p>\n<p>De son c\u00f4t\u00e9, la d\u00e9l\u00e9gu\u00e9e r\u00e9gionale du minist\u00e8re de la culture, Mme Aminetou Mint Ely Baba a pr\u00e9sent\u00e9 un expos\u00e9 sur le programme de la semaine et le plan mis en place pour sa r\u00e9ussite.<\/p>\n<p>La r\u00e9union s&#8217;est d\u00e9roul\u00e9e en pr\u00e9sence du wali mou\u00e7aid , des conseillers du wali, de l&#8217;adjoint du hakem de la moughataa de Rosso et des chefs des services r\u00e9gionaux.<\/p>\n","protected":false},"excerpt":{"rendered":"<p>Le wali du Trarza, M. Mohamed Ould Ahmed Maouloud, a pr\u00e9sid\u00e9, samedi dans les locaux de la wilaya, une r\u00e9union de pr\u00e9paration de la semaine nationale de la culture, de la jeunesse et des sports. Dans le mot qu&#8217;il a prononc\u00e9 pour la circonstance, le wali a indiqu\u00e9 que cette r\u00e9union s&#8217;inscrit dans le cadre [&hellip;]<\/p>\n","protected":false},"author":5,"featured_media":240227,"comment_status":"open","ping_status":"open","sticky":false,"template":"","format":"standard","meta":{"footnotes":""},"categories":[63918,63957,63923,8672],"tags":[],"class_list":["post-240226","post","type-post","status-publish","format-standard","has-post-thumbnail","hentry","category-autres","category-fil-dactualite","category-slider-wilayas","category-8672"],"_links":{"self":[{"href":"https:\/\/ami.mr\/fr\/wp-json\/wp\/v2\/posts\/240226","targetHints":{"allow":["GET"]}}],"collection":[{"href":"https:\/\/ami.mr\/fr\/wp-json\/wp\/v2\/posts"}],"about":[{"href":"https:\/\/ami.mr\/fr\/wp-json\/wp\/v2\/types\/post"}],"author":[{"embeddable":true,"href":"https:\/\/ami.mr\/fr\/wp-json\/wp\/v2\/users\/5"}],"replies":[{"embeddable":true,"href":"https:\/\/ami.mr\/fr\/wp-json\/wp\/v2\/comments?post=240226"}],"version-history":[{"count":2,"href":"https:\/\/ami.mr\/fr\/wp-json\/wp\/v2\/posts\/240226\/revisions"}],"predecessor-version":[{"id":240229,"href":"https:\/\/ami.mr\/fr\/wp-json\/wp\/v2\/posts\/240226\/revisions\/240229"}],"wp:featuredmedia":[{"embeddable":true,"href":"https:\/\/ami.mr\/fr\/wp-json\/wp\/v2\/media\/240227"}],"wp:attachment":[{"href":"https:\/\/ami.mr\/fr\/wp-json\/wp\/v2\/media?parent=240226"}],"wp:term":[{"taxonomy":"category","embeddable":true,"href":"https:\/\/ami.mr\/fr\/wp-json\/wp\/v2\/categories?post=240226"},{"taxonomy":"post_tag","embeddable":true,"href":"https:\/\/ami.mr\/fr\/wp-json\/wp\/v2\/tags?post=240226"}],"curies":[{"name":"wp","href":"https:\/\/api.w.org\/{rel}","templated":true}]}}