{"id":240161,"date":"2024-02-16T13:32:04","date_gmt":"2024-02-16T13:32:04","guid":{"rendered":"https:\/\/ami.mr\/fr\/?p=240161"},"modified":"2024-02-16T13:32:04","modified_gmt":"2024-02-16T13:32:04","slug":"le-president-de-la-republique-arrive-a-addis-abeba-pour-participer-a-la-37eme-session-ordinaire-de-lassemblee-generale-des-chefs-detat-et-de-gouvernement-de-lunion-africaine","status":"publish","type":"post","link":"https:\/\/ami.mr\/fr\/archives\/240161","title":{"rendered":"Le Pr\u00e9sident de la R\u00e9publique arrive \u00e0 Addis-Abeba pour participer \u00e0 la 37\u00e8me session ordinaire de l\u2019Assembl\u00e9e g\u00e9n\u00e9rale des chefs d\u2019Etat et de gouvernement de l\u2019Union africaine"},"content":{"rendered":"<p><strong><img decoding=\"async\" class=\" wp-image-240164 alignright\" src=\"https:\/\/ami.mr\/fr\/wp-content\/uploads\/2024\/02\/16-02-2024-58-103x300.jpg\" alt=\"\" width=\"252\" height=\"734\" srcset=\"https:\/\/ami.mr\/fr\/wp-content\/uploads\/2024\/02\/16-02-2024-58-103x300.jpg 103w, https:\/\/ami.mr\/fr\/wp-content\/uploads\/2024\/02\/16-02-2024-58-352x1024.jpg 352w, https:\/\/ami.mr\/fr\/wp-content\/uploads\/2024\/02\/16-02-2024-58-768x2233.jpg 768w, https:\/\/ami.mr\/fr\/wp-content\/uploads\/2024\/02\/16-02-2024-58-528x1536.jpg 528w, https:\/\/ami.mr\/fr\/wp-content\/uploads\/2024\/02\/16-02-2024-58-704x2048.jpg 704w, https:\/\/ami.mr\/fr\/wp-content\/uploads\/2024\/02\/16-02-2024-58.jpg 800w\" sizes=\"(max-width: 252px) 100vw, 252px\" \/>Son Excellence le Pr\u00e9sident de la R\u00e9publique, M. Mohamed Ould Cheikh El Ghazouani<\/strong>, est arriv\u00e9, vendredi \u00e0 Addis-Abeba, la capitale \u00e9thiopienne, pour participer \u00e0 la trente-septi\u00e8me session ordinaire de l\u2019Assembl\u00e9e g\u00e9n\u00e9rale des chefs d\u2019Etat et de gouvernement de l\u2019Union africaine.<\/p>\n<p>Son Excellence le Pr\u00e9sident de la R\u00e9publique a \u00e9t\u00e9 accueilli \u00e0 sa descente d\u2019avion par une d\u00e9l\u00e9gation gouvernementale \u00e9thiopienne de haut niveau et des membres du personnel de notre ambassade et de notre mission diplomatique \u00e0 Addis-Abeba, conduite par Mme Khadija M\u2019barek Fall, notre ambassadrice accr\u00e9dit\u00e9e aupr\u00e8s de la R\u00e9publique d\u2019\u00c9thiopie et de l\u2019Union africaine.<\/p>\n<p>Apr\u00e8s avoir \u00e9cout\u00e9 l\u2019hymne de l\u2019Union africaine, Son Excellence Monsieur le Pr\u00e9sident de la R\u00e9publique a pass\u00e9 en revue les formations militaires qui sont venues lui rendre les honneurs, suivant des danses artistiques pr\u00e9sent\u00e9es par des artistes saluant son arriv\u00e9e.<\/p>\n<p>Son Excellence Monsieur le Pr\u00e9sident de la R\u00e9publique est accompagn\u00e9 d\u2019une importante d\u00e9l\u00e9gation comprenant les personnalit\u00e9s suivantes :<\/p>\n<p>&#8211; M. Mokhtar Ould Diaye, ministre charg\u00e9 de cabinet de la Pr\u00e9sidence de la R\u00e9publique ;<\/p>\n<p>&#8211; Mme Coumba Ba, ministre conseill\u00e8re \u00e0 la Pr\u00e9sidence de la R\u00e9publique,<\/p>\n<p>&#8211; M. Mohamed Salem Ould Merzough, ministre des Affaires Etrang\u00e8res, de la Coop\u00e9ration et des Mauritaniens de l\u2019Ext\u00e9rieur ;<\/p>\n<p>&#8211; Mme Khadija M\u2019barek Fall, ambassadrice de Mauritanie \u00e0 Addis-Abeba ;<\/p>\n<p>&#8211; M. Ahmed Ould Bahini, charg\u00e9 de mission \u00e0 la Pr\u00e9sidence de la R\u00e9publique ;<\/p>\n<p>&#8211; M. Harouna Traor\u00e9, charg\u00e9 de mission \u00e0 la Pr\u00e9sidence de la R\u00e9publique ;<\/p>\n<p>&#8211; M. Ahmed Salem Ould Mohamed Fadhel, charg\u00e9 de mission \u00e0 la Pr\u00e9sidence de la R\u00e9publique ;<\/p>\n<p>&#8211; M. Sid\u2019Ahmed Ould Bouh, Conseiller \u00e0 la Pr\u00e9sidence de la R\u00e9publique ;<\/p>\n<p>&#8211; M. Cheikh Ould Bedda, Conseiller \u00e0 la Pr\u00e9sidence de la R\u00e9publique ;<\/p>\n<p>&#8211; M. El Hassan Ould Ahmed, directeur g\u00e9n\u00e9ral du Protocole d\u2019Etat.<\/p>\n<p>Cette session intervient dans le cadre d\u2019un consensus des \u00c9tats membres de la r\u00e9gion de l\u2019Afrique du Nord de l\u2019Union africaine pour choisir notre pays pour assurer la pr\u00e9sidence tournante de l\u2019Union africaine pour l\u2019ann\u00e9e 2024.<\/p>\n","protected":false},"excerpt":{"rendered":"<p>Son Excellence le Pr\u00e9sident de la R\u00e9publique, M. Mohamed Ould Cheikh El Ghazouani, est arriv\u00e9, vendredi \u00e0 Addis-Abeba, la capitale \u00e9thiopienne, pour participer \u00e0 la trente-septi\u00e8me session ordinaire de l\u2019Assembl\u00e9e g\u00e9n\u00e9rale des chefs d\u2019Etat et de gouvernement de l\u2019Union africaine. Son Excellence le Pr\u00e9sident de la R\u00e9publique a \u00e9t\u00e9 accueilli \u00e0 sa descente d\u2019avion par [&hellip;]<\/p>\n","protected":false},"author":2,"featured_media":240165,"comment_status":"open","ping_status":"open","sticky":false,"template":"","format":"standard","meta":{"footnotes":""},"categories":[63919,63957,25,63921,63926],"tags":[],"class_list":["post-240161","post","type-post","status-publish","format-standard","has-post-thumbnail","hentry","category-choix-du-redacteur","category-fil-dactualite","category-25","category-slider-afficher","category-slider-general"],"_links":{"self":[{"href":"https:\/\/ami.mr\/fr\/wp-json\/wp\/v2\/posts\/240161","targetHints":{"allow":["GET"]}}],"collection":[{"href":"https:\/\/ami.mr\/fr\/wp-json\/wp\/v2\/posts"}],"about":[{"href":"https:\/\/ami.mr\/fr\/wp-json\/wp\/v2\/types\/post"}],"author":[{"embeddable":true,"href":"https:\/\/ami.mr\/fr\/wp-json\/wp\/v2\/users\/2"}],"replies":[{"embeddable":true,"href":"https:\/\/ami.mr\/fr\/wp-json\/wp\/v2\/comments?post=240161"}],"version-history":[{"count":2,"href":"https:\/\/ami.mr\/fr\/wp-json\/wp\/v2\/posts\/240161\/revisions"}],"predecessor-version":[{"id":240167,"href":"https:\/\/ami.mr\/fr\/wp-json\/wp\/v2\/posts\/240161\/revisions\/240167"}],"wp:featuredmedia":[{"embeddable":true,"href":"https:\/\/ami.mr\/fr\/wp-json\/wp\/v2\/media\/240165"}],"wp:attachment":[{"href":"https:\/\/ami.mr\/fr\/wp-json\/wp\/v2\/media?parent=240161"}],"wp:term":[{"taxonomy":"category","embeddable":true,"href":"https:\/\/ami.mr\/fr\/wp-json\/wp\/v2\/categories?post=240161"},{"taxonomy":"post_tag","embeddable":true,"href":"https:\/\/ami.mr\/fr\/wp-json\/wp\/v2\/tags?post=240161"}],"curies":[{"name":"wp","href":"https:\/\/api.w.org\/{rel}","templated":true}]}}