{"id":240156,"date":"2024-02-16T12:58:30","date_gmt":"2024-02-16T12:58:30","guid":{"rendered":"https:\/\/ami.mr\/fr\/?p=240156"},"modified":"2024-02-16T12:58:30","modified_gmt":"2024-02-16T12:58:30","slug":"brakna-lancement-dune-campagne-de-sensibilisation-sur-les-lois-penalisant-lesclavage","status":"publish","type":"post","link":"https:\/\/ami.mr\/fr\/archives\/240156","title":{"rendered":"Brakna : lancement d\u2019une campagne de sensibilisation sur les lois p\u00e9nalisant l\u2019esclavage"},"content":{"rendered":"<p>Une mission du minist\u00e8re de la Justice s\u2019est rendue, vendredi, dans la ville d\u2019Aleg, capitale de la Wilaya du Brakna, pour superviser le lancement d\u2019une campagne de formation et de sensibilisation sur les lois p\u00e9nalisant l\u2019esclavage, la traite des personnes, le trafic illicite de migrants et le travail des enfants.<\/p>\n<p>La campagne a commenc\u00e9 par l\u2019organisation d\u2019une session de formation \u00e0 l\u2019intention des juges, des responsables et des autorit\u00e9s charg\u00e9es de l\u2019application des lois en service dans la Wilaya du Brakna.<\/p>\n<p>La session comprend une pr\u00e9sentation sur le droit p\u00e9nal punissant de la traite des personnes et du travail dangereux et interdit des enfants, pr\u00e9sent\u00e9e par le directeur de la coop\u00e9ration et de la coop\u00e9ration inter &#8211; judiciaires, le juge Hussein Cheikh Kabadi.<\/p>\n<p>S\u2019exprimant sur la loi 2020-017 relative \u00e0 la pr\u00e9vention et \u00e0 la r\u00e9pression de la traite des personnes et \u00e0 la protection des victimes, le directeur de la coop\u00e9ration et de la coop\u00e9ration inter &#8211; judiciaires a indiqu\u00e9 que cette loi se compose de 75 articles r\u00e9partis en six chapitres.<\/p>\n<p>Elle vise \u00e0 d\u00e9finir l\u2019organisation des dispositions p\u00e9nales, les mesures d\u2019appui et de protection des victimes, les m\u00e9canismes de pr\u00e9vention, la coop\u00e9ration et le partenariat aux niveaux national et international, pour \u00e9viter les conflits de textes juridiques.<\/p>\n<p>La campagne de formation et de sensibilisation s\u2019adresse \u00e0 tous les tribunaux, universit\u00e9s, instituts et \u00e9coles de formation professionnelle, tout en cherchant \u00e0 atteindre un certain nombre d\u2019objectifs.<\/p>\n<p>Parmi ces objectifs : le partage de textes criminalisant et punissant l\u2019esclavage, la traite des \u00eatres humains, le trafic illicite de migrants, le travail des enfants, l\u2019adaptation exacte des faits pertinents, la prise des mesures n\u00e9cessaires pour poursuivre les auteurs de ces crimes et prot\u00e9ger les victimes, tout en attirant l\u2019attention de l\u2019opinion publique sur la gravit\u00e9 de ces actes.<\/p>\n<p>Elle vise, \u00e9galement, \u00e0 mener des recherches et des enqu\u00eates dans ce domaine, en montrant l\u2019exhaustivit\u00e9 et la coh\u00e9rence de ces faits, en plus de l\u2019\u00e9tendue de leur impact sur les droits de l\u2019homme et sa dignit\u00e9, en r\u00e9pondant aux signalements et en activant la lutte contre la n\u00e9gligence et, l\u2019indemnisation \u00e9quitable des victimes, l\u2019uniformisation du traitement judiciaire et la diffusion des meilleures pratiques.<\/p>\n","protected":false},"excerpt":{"rendered":"<p>Une mission du minist\u00e8re de la Justice s\u2019est rendue, vendredi, dans la ville d\u2019Aleg, capitale de la Wilaya du Brakna, pour superviser le lancement d\u2019une campagne de formation et de sensibilisation sur les lois p\u00e9nalisant l\u2019esclavage, la traite des personnes, le trafic illicite de migrants et le travail des enfants. La campagne a commenc\u00e9 par [&hellip;]<\/p>\n","protected":false},"author":16,"featured_media":240157,"comment_status":"open","ping_status":"open","sticky":false,"template":"","format":"standard","meta":{"footnotes":""},"categories":[63918,63957,8672],"tags":[],"class_list":["post-240156","post","type-post","status-publish","format-standard","has-post-thumbnail","hentry","category-autres","category-fil-dactualite","category-8672"],"_links":{"self":[{"href":"https:\/\/ami.mr\/fr\/wp-json\/wp\/v2\/posts\/240156","targetHints":{"allow":["GET"]}}],"collection":[{"href":"https:\/\/ami.mr\/fr\/wp-json\/wp\/v2\/posts"}],"about":[{"href":"https:\/\/ami.mr\/fr\/wp-json\/wp\/v2\/types\/post"}],"author":[{"embeddable":true,"href":"https:\/\/ami.mr\/fr\/wp-json\/wp\/v2\/users\/16"}],"replies":[{"embeddable":true,"href":"https:\/\/ami.mr\/fr\/wp-json\/wp\/v2\/comments?post=240156"}],"version-history":[{"count":1,"href":"https:\/\/ami.mr\/fr\/wp-json\/wp\/v2\/posts\/240156\/revisions"}],"predecessor-version":[{"id":240158,"href":"https:\/\/ami.mr\/fr\/wp-json\/wp\/v2\/posts\/240156\/revisions\/240158"}],"wp:featuredmedia":[{"embeddable":true,"href":"https:\/\/ami.mr\/fr\/wp-json\/wp\/v2\/media\/240157"}],"wp:attachment":[{"href":"https:\/\/ami.mr\/fr\/wp-json\/wp\/v2\/media?parent=240156"}],"wp:term":[{"taxonomy":"category","embeddable":true,"href":"https:\/\/ami.mr\/fr\/wp-json\/wp\/v2\/categories?post=240156"},{"taxonomy":"post_tag","embeddable":true,"href":"https:\/\/ami.mr\/fr\/wp-json\/wp\/v2\/tags?post=240156"}],"curies":[{"name":"wp","href":"https:\/\/api.w.org\/{rel}","templated":true}]}}