{"id":239912,"date":"2024-02-13T20:05:35","date_gmt":"2024-02-13T20:05:35","guid":{"rendered":"https:\/\/ami.mr\/fr\/?p=239912"},"modified":"2024-02-14T13:52:20","modified_gmt":"2024-02-14T13:52:20","slug":"la-mauritanie-place-la-promotion-et-la-protection-des-droits-de-lhomme-au-coeur-de-ses-politiques-et-strategies-commissaire-aux-droits-de-lhomme","status":"publish","type":"post","link":"https:\/\/ami.mr\/fr\/archives\/239912","title":{"rendered":"\u00ab La Mauritanie place la promotion et la protection des droits de l&#8217;Homme au c\u0153ur de ses politiques et strat\u00e9gies \u00bb (commissaire aux Droits de l&#8217;Homme)"},"content":{"rendered":"<p>Le commissaire aux Droits de l&#8217;Homme, \u00e0 l&#8217;Action humanitaire et aux Relations avec la Soci\u00e9t\u00e9 civile, M. Cheikh Ahmedou Ould Ahmed Salem Ould Sidi, a pr\u00e9sent\u00e9 , aujourd&#8217;hui, mardi \u00e0 Gen\u00e8ve, devant la Commission des Nations Unies pour les droits \u00e9conomiques, sociaux et culturels, le rapport initial de la Mauritanie sur la mise en \u0153uvre du Pacte international relatif aux droits \u00e9conomiques, sociaux et culturels.<\/p>\n<p>Dans son intervention, le Commissaire a pass\u00e9 en revue les r\u00e9alisations les plus importantes accomplies par la Mauritanie dans les domaines l\u00e9gislatif, institutionnel et administratif, ainsi que les strat\u00e9gies gouvernementales les plus importantes adopt\u00e9es pour mettre en \u0153uvre les dispositions du Pacte, conform\u00e9ment aux obligations internationales de notre pays dans le domaine des droits de l\u2019homme.<\/p>\n<p>Il a ajout\u00e9 que notre pays place la promotion et la protection des droits de l&#8217;homme au c\u0153ur de ses politiques et strat\u00e9gies, notant que malgr\u00e9 les difficult\u00e9s et les d\u00e9fis qui entravent parfois la jouissance de certains droits, notamment \u00e9conomiques et sociaux, le gouvernement poursuit toujours ses efforts inlassables pour les surmonter, dans le cadre de la mise en \u0153uvre du programme politique de Son Excellence le Pr\u00e9sident de la R\u00e9publique, Monsieur Mohammed Ould Cheikh El Ghazouani, qui fait de la r\u00e9alisation de la justice sociale et de l&#8217;am\u00e9lioration de la situation des groupes vuln\u00e9rables une priorit\u00e9 absolue.<\/p>\n<p>Il a soulign\u00e9 l&#8217;attachement de la Mauritanie aux id\u00e9aux, principes et valeurs des droits de l&#8217;homme et l\u2019int\u00e9r\u00eat qu\u2019elle accorde \u00e0 la promotion et \u00e0 la protection des droits de l&#8217;homme en g\u00e9n\u00e9ral et aux dispositions du Pacte international relatif aux droits \u00e9conomiques, sociaux et culturels en particulier.<\/p>\n<p>Notons que l\u2019examen du rapport national devant la commission se poursuivra pendant deux jours, entrecoup\u00e9s de discussions avec les experts de la commission, qui \u00e0 leur tour \u00e9mettront des recommandations finales au gouvernement.<\/p>\n","protected":false},"excerpt":{"rendered":"<p>Le commissaire aux Droits de l&#8217;Homme, \u00e0 l&#8217;Action humanitaire et aux Relations avec la Soci\u00e9t\u00e9 civile, M. Cheikh Ahmedou Ould Ahmed Salem Ould Sidi, a pr\u00e9sent\u00e9 , aujourd&#8217;hui, mardi \u00e0 Gen\u00e8ve, devant la Commission des Nations Unies pour les droits \u00e9conomiques, sociaux et culturels, le rapport initial de la Mauritanie sur la mise en \u0153uvre [&hellip;]<\/p>\n","protected":false},"author":5,"featured_media":239913,"comment_status":"open","ping_status":"open","sticky":false,"template":"","format":"standard","meta":{"footnotes":""},"categories":[63920,63957,25,63926],"tags":[],"class_list":["post-239912","post","type-post","status-publish","format-standard","has-post-thumbnail","hentry","category-a-la-une","category-fil-dactualite","category-25","category-slider-general"],"_links":{"self":[{"href":"https:\/\/ami.mr\/fr\/wp-json\/wp\/v2\/posts\/239912","targetHints":{"allow":["GET"]}}],"collection":[{"href":"https:\/\/ami.mr\/fr\/wp-json\/wp\/v2\/posts"}],"about":[{"href":"https:\/\/ami.mr\/fr\/wp-json\/wp\/v2\/types\/post"}],"author":[{"embeddable":true,"href":"https:\/\/ami.mr\/fr\/wp-json\/wp\/v2\/users\/5"}],"replies":[{"embeddable":true,"href":"https:\/\/ami.mr\/fr\/wp-json\/wp\/v2\/comments?post=239912"}],"version-history":[{"count":1,"href":"https:\/\/ami.mr\/fr\/wp-json\/wp\/v2\/posts\/239912\/revisions"}],"predecessor-version":[{"id":239914,"href":"https:\/\/ami.mr\/fr\/wp-json\/wp\/v2\/posts\/239912\/revisions\/239914"}],"wp:featuredmedia":[{"embeddable":true,"href":"https:\/\/ami.mr\/fr\/wp-json\/wp\/v2\/media\/239913"}],"wp:attachment":[{"href":"https:\/\/ami.mr\/fr\/wp-json\/wp\/v2\/media?parent=239912"}],"wp:term":[{"taxonomy":"category","embeddable":true,"href":"https:\/\/ami.mr\/fr\/wp-json\/wp\/v2\/categories?post=239912"},{"taxonomy":"post_tag","embeddable":true,"href":"https:\/\/ami.mr\/fr\/wp-json\/wp\/v2\/tags?post=239912"}],"curies":[{"name":"wp","href":"https:\/\/api.w.org\/{rel}","templated":true}]}}