{"id":239894,"date":"2024-02-13T16:50:51","date_gmt":"2024-02-13T16:50:51","guid":{"rendered":"https:\/\/ami.mr\/fr\/?p=239894"},"modified":"2024-02-14T13:37:36","modified_gmt":"2024-02-14T13:37:36","slug":"taazour-et-afd-discutent-des-possibilites-de-cooperation-en-matiere-de-protection-sociale","status":"publish","type":"post","link":"https:\/\/ami.mr\/fr\/archives\/239894","title":{"rendered":"TAAZOUR et AFD discutent des possibilit\u00e9s de coop\u00e9ration en mati\u00e8re de protection sociale"},"content":{"rendered":"<p>Le D\u00e9l\u00e9gu\u00e9 G\u00e9n\u00e9ral \u00e0 la Solidarit\u00e9 Nationale et \u00e0 la Lutte contre l\u2019Exclusion, M. Hamoud Ould M\u2019hamed, s\u2019est entretenu, mardi \u00e0 Nouakchott, avec une d\u00e9l\u00e9gation de l\u2019Agence Fran\u00e7aise de D\u00e9veloppement, conduite par Mme Pascale Le Roy, Responsable de l\u2019Equipe du Projet de Protection Sociale \u00e0 l\u2019Agence Fran\u00e7aise de D\u00e9veloppement.<\/p>\n<p>Les entretiens, d\u00e9roul\u00e9s en pr\u00e9sence du secr\u00e9taire g\u00e9n\u00e9ral de la D\u00e9l\u00e9gation G\u00e9n\u00e9rale \u00e0 la Solidarit\u00e9 Nationale et \u00e0 la Lutte contre l\u2019Exclusion, M. Sadvi Ould Sidi Mohamed, et du Coordinateur du programme Takavoul, M. Moulaye El Hassen Ould Zeidane, ont discut\u00e9 des possibilit\u00e9s de coop\u00e9ration entre les deux institutions, en particulier, dans le domaine de la protection sociale.<\/p>\n","protected":false},"excerpt":{"rendered":"<p>Le D\u00e9l\u00e9gu\u00e9 G\u00e9n\u00e9ral \u00e0 la Solidarit\u00e9 Nationale et \u00e0 la Lutte contre l\u2019Exclusion, M. Hamoud Ould M\u2019hamed, s\u2019est entretenu, mardi \u00e0 Nouakchott, avec une d\u00e9l\u00e9gation de l\u2019Agence Fran\u00e7aise de D\u00e9veloppement, conduite par Mme Pascale Le Roy, Responsable de l\u2019Equipe du Projet de Protection Sociale \u00e0 l\u2019Agence Fran\u00e7aise de D\u00e9veloppement. Les entretiens, d\u00e9roul\u00e9s en pr\u00e9sence du [&hellip;]<\/p>\n","protected":false},"author":5,"featured_media":239895,"comment_status":"open","ping_status":"open","sticky":false,"template":"","format":"standard","meta":{"footnotes":""},"categories":[63918,63957,63959],"tags":[],"class_list":["post-239894","post","type-post","status-publish","format-standard","has-post-thumbnail","hentry","category-autres","category-fil-dactualite","category-mauritanie"],"_links":{"self":[{"href":"https:\/\/ami.mr\/fr\/wp-json\/wp\/v2\/posts\/239894","targetHints":{"allow":["GET"]}}],"collection":[{"href":"https:\/\/ami.mr\/fr\/wp-json\/wp\/v2\/posts"}],"about":[{"href":"https:\/\/ami.mr\/fr\/wp-json\/wp\/v2\/types\/post"}],"author":[{"embeddable":true,"href":"https:\/\/ami.mr\/fr\/wp-json\/wp\/v2\/users\/5"}],"replies":[{"embeddable":true,"href":"https:\/\/ami.mr\/fr\/wp-json\/wp\/v2\/comments?post=239894"}],"version-history":[{"count":1,"href":"https:\/\/ami.mr\/fr\/wp-json\/wp\/v2\/posts\/239894\/revisions"}],"predecessor-version":[{"id":239896,"href":"https:\/\/ami.mr\/fr\/wp-json\/wp\/v2\/posts\/239894\/revisions\/239896"}],"wp:featuredmedia":[{"embeddable":true,"href":"https:\/\/ami.mr\/fr\/wp-json\/wp\/v2\/media\/239895"}],"wp:attachment":[{"href":"https:\/\/ami.mr\/fr\/wp-json\/wp\/v2\/media?parent=239894"}],"wp:term":[{"taxonomy":"category","embeddable":true,"href":"https:\/\/ami.mr\/fr\/wp-json\/wp\/v2\/categories?post=239894"},{"taxonomy":"post_tag","embeddable":true,"href":"https:\/\/ami.mr\/fr\/wp-json\/wp\/v2\/tags?post=239894"}],"curies":[{"name":"wp","href":"https:\/\/api.w.org\/{rel}","templated":true}]}}