{"id":239886,"date":"2024-02-13T15:19:08","date_gmt":"2024-02-13T15:19:08","guid":{"rendered":"https:\/\/ami.mr\/fr\/?p=239886"},"modified":"2024-02-13T15:19:08","modified_gmt":"2024-02-13T15:19:08","slug":"la-ministre-de-lemploi-recoit-lambassadrice-despagne","status":"publish","type":"post","link":"https:\/\/ami.mr\/fr\/archives\/239886","title":{"rendered":"La ministre de l\u2019Emploi re\u00e7oit l\u2019ambassadrice d\u2019Espagne"},"content":{"rendered":"<p>La ministre de l\u2019Emploi et de la Formation professionnelle, Zeinebou mint Ahmednah, a re\u00e7u, mardi \u00e0 Nouakchott, S.E. Mme l\u2019ambassadrice du Royaume d\u2019Espagne accr\u00e9dit\u00e9e en Mauritanie, Miriam \u00c1lvarez de la Rosa Rodr\u00edguez, accompagn\u00e9e de la directrice g\u00e9n\u00e9rale de l\u2019Agence espagnole de coop\u00e9ration \u00e0 Nouakchott.<\/p>\n<p>Au cours de la r\u00e9union, les deux parties ont discut\u00e9 des moyens de renforcer la coop\u00e9ration entre les deux pays amis dans les domaines li\u00e9s au secteur de l\u2019emploi et de la formation professionnelle.<\/p>\n<p>La ministre a dit sa disponibilit\u00e9 \u00e0 renforcer la coop\u00e9ration, en particulier, \u00e0 la lumi\u00e8re de l\u2019orientation et de la ferme volont\u00e9 de promouvoir le secteur de l\u2019emploi et de la formation professionnelle.<\/p>\n<p>La rencontre s\u2019est d\u00e9roul\u00e9e en pr\u00e9sence du secr\u00e9taire g\u00e9n\u00e9ral du minist\u00e8re de l\u2019Emploi et de la Formation Professionnelle, M. Mohamed Salem Ould Boukhreiss, au c\u00f4t\u00e9 des cadres du d\u00e9partement.<\/p>\n","protected":false},"excerpt":{"rendered":"<p>La ministre de l\u2019Emploi et de la Formation professionnelle, Zeinebou mint Ahmednah, a re\u00e7u, mardi \u00e0 Nouakchott, S.E. Mme l\u2019ambassadrice du Royaume d\u2019Espagne accr\u00e9dit\u00e9e en Mauritanie, Miriam \u00c1lvarez de la Rosa Rodr\u00edguez, accompagn\u00e9e de la directrice g\u00e9n\u00e9rale de l\u2019Agence espagnole de coop\u00e9ration \u00e0 Nouakchott. Au cours de la r\u00e9union, les deux parties ont discut\u00e9 des [&hellip;]<\/p>\n","protected":false},"author":2,"featured_media":239887,"comment_status":"open","ping_status":"open","sticky":false,"template":"","format":"standard","meta":{"footnotes":""},"categories":[63918,63957,63959],"tags":[],"class_list":["post-239886","post","type-post","status-publish","format-standard","has-post-thumbnail","hentry","category-autres","category-fil-dactualite","category-mauritanie"],"_links":{"self":[{"href":"https:\/\/ami.mr\/fr\/wp-json\/wp\/v2\/posts\/239886","targetHints":{"allow":["GET"]}}],"collection":[{"href":"https:\/\/ami.mr\/fr\/wp-json\/wp\/v2\/posts"}],"about":[{"href":"https:\/\/ami.mr\/fr\/wp-json\/wp\/v2\/types\/post"}],"author":[{"embeddable":true,"href":"https:\/\/ami.mr\/fr\/wp-json\/wp\/v2\/users\/2"}],"replies":[{"embeddable":true,"href":"https:\/\/ami.mr\/fr\/wp-json\/wp\/v2\/comments?post=239886"}],"version-history":[{"count":2,"href":"https:\/\/ami.mr\/fr\/wp-json\/wp\/v2\/posts\/239886\/revisions"}],"predecessor-version":[{"id":239889,"href":"https:\/\/ami.mr\/fr\/wp-json\/wp\/v2\/posts\/239886\/revisions\/239889"}],"wp:featuredmedia":[{"embeddable":true,"href":"https:\/\/ami.mr\/fr\/wp-json\/wp\/v2\/media\/239887"}],"wp:attachment":[{"href":"https:\/\/ami.mr\/fr\/wp-json\/wp\/v2\/media?parent=239886"}],"wp:term":[{"taxonomy":"category","embeddable":true,"href":"https:\/\/ami.mr\/fr\/wp-json\/wp\/v2\/categories?post=239886"},{"taxonomy":"post_tag","embeddable":true,"href":"https:\/\/ami.mr\/fr\/wp-json\/wp\/v2\/tags?post=239886"}],"curies":[{"name":"wp","href":"https:\/\/api.w.org\/{rel}","templated":true}]}}