{"id":239693,"date":"2024-02-09T12:44:52","date_gmt":"2024-02-09T12:44:52","guid":{"rendered":"https:\/\/ami.mr\/fr\/?p=239693"},"modified":"2024-02-09T12:44:52","modified_gmt":"2024-02-09T12:44:52","slug":"le-president-de-la-chambre-des-representants-du-royaume-du-maroc-entame-une-visite-dans-notre-pays","status":"publish","type":"post","link":"https:\/\/ami.mr\/fr\/archives\/239693","title":{"rendered":"Le Pr\u00e9sident de la Chambre des Repr\u00e9sentants du Royaume du Maroc entame une visite dans notre pays"},"content":{"rendered":"<p>Le Pr\u00e9sident de la Chambre des Repr\u00e9sentants du Royaume du Maroc, M. Rachid Talbi Alami, a entam\u00e9 hier soir une visite de deux jours en Mauritanie.<\/p>\n<p>Le pr\u00e9sident de la Chambre des repr\u00e9sentants marocaine a \u00e9t\u00e9 accueilli \u00e0 l\u2019a\u00e9roport international de Nouakchott par le pr\u00e9sident de l\u2019Assembl\u00e9e nationale, M. Mohamed Bamba Meguett.<\/p>\n<p>Cette visite s\u2019inscrit dans le cadre du renforcement des relations de coop\u00e9ration entre les deux pays fr\u00e8res, notamment en mati\u00e8re parlementaire.<\/p>\n","protected":false},"excerpt":{"rendered":"<p>Le Pr\u00e9sident de la Chambre des Repr\u00e9sentants du Royaume du Maroc, M. Rachid Talbi Alami, a entam\u00e9 hier soir une visite de deux jours en Mauritanie. Le pr\u00e9sident de la Chambre des repr\u00e9sentants marocaine a \u00e9t\u00e9 accueilli \u00e0 l\u2019a\u00e9roport international de Nouakchott par le pr\u00e9sident de l\u2019Assembl\u00e9e nationale, M. Mohamed Bamba Meguett. Cette visite s\u2019inscrit [&hellip;]<\/p>\n","protected":false},"author":17,"featured_media":239694,"comment_status":"open","ping_status":"open","sticky":false,"template":"","format":"standard","meta":{"footnotes":""},"categories":[63920,63957,63959],"tags":[],"class_list":["post-239693","post","type-post","status-publish","format-standard","has-post-thumbnail","hentry","category-a-la-une","category-fil-dactualite","category-mauritanie"],"_links":{"self":[{"href":"https:\/\/ami.mr\/fr\/wp-json\/wp\/v2\/posts\/239693","targetHints":{"allow":["GET"]}}],"collection":[{"href":"https:\/\/ami.mr\/fr\/wp-json\/wp\/v2\/posts"}],"about":[{"href":"https:\/\/ami.mr\/fr\/wp-json\/wp\/v2\/types\/post"}],"author":[{"embeddable":true,"href":"https:\/\/ami.mr\/fr\/wp-json\/wp\/v2\/users\/17"}],"replies":[{"embeddable":true,"href":"https:\/\/ami.mr\/fr\/wp-json\/wp\/v2\/comments?post=239693"}],"version-history":[{"count":1,"href":"https:\/\/ami.mr\/fr\/wp-json\/wp\/v2\/posts\/239693\/revisions"}],"predecessor-version":[{"id":239695,"href":"https:\/\/ami.mr\/fr\/wp-json\/wp\/v2\/posts\/239693\/revisions\/239695"}],"wp:featuredmedia":[{"embeddable":true,"href":"https:\/\/ami.mr\/fr\/wp-json\/wp\/v2\/media\/239694"}],"wp:attachment":[{"href":"https:\/\/ami.mr\/fr\/wp-json\/wp\/v2\/media?parent=239693"}],"wp:term":[{"taxonomy":"category","embeddable":true,"href":"https:\/\/ami.mr\/fr\/wp-json\/wp\/v2\/categories?post=239693"},{"taxonomy":"post_tag","embeddable":true,"href":"https:\/\/ami.mr\/fr\/wp-json\/wp\/v2\/tags?post=239693"}],"curies":[{"name":"wp","href":"https:\/\/api.w.org\/{rel}","templated":true}]}}