{"id":239645,"date":"2024-02-08T18:43:27","date_gmt":"2024-02-08T18:43:27","guid":{"rendered":"https:\/\/ami.mr\/fr\/?p=239645"},"modified":"2024-02-08T20:02:56","modified_gmt":"2024-02-08T20:02:56","slug":"prorogation-du-contrat-de-lentraineur-des-mourabitoune-amir-abdou-jusquen-2026","status":"publish","type":"post","link":"https:\/\/ami.mr\/fr\/archives\/239645","title":{"rendered":"Prorogation du contrat de l\u2019entra\u00eeneur des \u00ab Mourabitoune \u00bb, Amir Abdou, jusqu\u2019en 2026"},"content":{"rendered":"<div class=\"cell auto-size\">\n<div class=\"set-border bd-gray padding10 margin10 no-margin-right no-margin-left \" dir=\"ltr\">\n<p>La F\u00e9d\u00e9ration mauritanienne de football a annonc\u00e9 jeudi qu\u2019un accord d\u00e9finitif a \u00e9t\u00e9 trouv\u00e9 avec le s\u00e9lectionneur de l\u2019\u00e9quipe nationale de football, Amir Abdou. L\u2019accord stipule la prolongation du contrat d\u2019Amir Abdo \u00e0 la t\u00eate du staff technique de l\u2019\u00e9quipe nationale \u00ab El Mourabitoune \u00bb jusqu\u2019en 2026.<\/p>\n<p>De plus amples d\u00e9tails sur les diff\u00e9rents aspects de ce nouvel accord devraient \u00eatre d\u00e9voil\u00e9s dans les prochains jours, ce qui ne manquera pas de mettre un terme \u00e0 de longs jours d\u2019attente au niveau de la sc\u00e8ne sportive nationale. Amir Abdou, fran\u00e7ais d\u2019origine comorienne n\u00e9 \u00e0 Marseille en 1972, est un entra\u00eeneur qui a connu un grand succ\u00e8s, bien qu\u2019il n\u2019ait pas pratiqu\u00e9 le football en tant que joueur professionnel.<\/p>\n<p>Il a fait ses d\u00e9buts sur la sc\u00e8ne du football africain en 2014, lorsqu\u2019il a dirig\u00e9 le bataillon technique de ses Comores natales, o\u00f9 il a continu\u00e9 \u00e0 travailler \u00e0 la construction de l\u2019\u00e9quipe comorienne jusqu\u2019\u00e0 ce qu\u2019elle atteigne la Coupe d\u2019Afrique des Nations 2021 pour la premi\u00e8re fois de l\u2019histoire, et qu\u2019il ait pu atteindre les huiti\u00e8mes de finale.<\/p>\n<p>Apr\u00e8s ce tournoi, il est pass\u00e9 directement \u00e0 l\u2019entra\u00eenement de l\u2019\u00e9quipe nationale El Mourabitoune 2023, avec laquelle il a obtenu des r\u00e9sultats importants, culminant en se qualifiant pour la troisi\u00e8me fois pour la phase finale de la Coupe d\u2019Afrique des Nations 2023 et en atteignant les huiti\u00e8mes de finale.<\/p>\n<\/div>\n<\/div>\n","protected":false},"excerpt":{"rendered":"<p>La F\u00e9d\u00e9ration mauritanienne de football a annonc\u00e9 jeudi qu\u2019un accord d\u00e9finitif a \u00e9t\u00e9 trouv\u00e9 avec le s\u00e9lectionneur de l\u2019\u00e9quipe nationale de football, Amir Abdou. L\u2019accord stipule la prolongation du contrat d\u2019Amir Abdo \u00e0 la t\u00eate du staff technique de l\u2019\u00e9quipe nationale \u00ab El Mourabitoune \u00bb jusqu\u2019en 2026. De plus amples d\u00e9tails sur les diff\u00e9rents aspects [&hellip;]<\/p>\n","protected":false},"author":13,"featured_media":239627,"comment_status":"open","ping_status":"open","sticky":false,"template":"","format":"standard","meta":{"footnotes":""},"categories":[63918,63919,63957,63959,63925],"tags":[],"class_list":["post-239645","post","type-post","status-publish","format-standard","has-post-thumbnail","hentry","category-autres","category-choix-du-redacteur","category-fil-dactualite","category-mauritanie","category-slider-sport"],"_links":{"self":[{"href":"https:\/\/ami.mr\/fr\/wp-json\/wp\/v2\/posts\/239645","targetHints":{"allow":["GET"]}}],"collection":[{"href":"https:\/\/ami.mr\/fr\/wp-json\/wp\/v2\/posts"}],"about":[{"href":"https:\/\/ami.mr\/fr\/wp-json\/wp\/v2\/types\/post"}],"author":[{"embeddable":true,"href":"https:\/\/ami.mr\/fr\/wp-json\/wp\/v2\/users\/13"}],"replies":[{"embeddable":true,"href":"https:\/\/ami.mr\/fr\/wp-json\/wp\/v2\/comments?post=239645"}],"version-history":[{"count":3,"href":"https:\/\/ami.mr\/fr\/wp-json\/wp\/v2\/posts\/239645\/revisions"}],"predecessor-version":[{"id":239657,"href":"https:\/\/ami.mr\/fr\/wp-json\/wp\/v2\/posts\/239645\/revisions\/239657"}],"wp:featuredmedia":[{"embeddable":true,"href":"https:\/\/ami.mr\/fr\/wp-json\/wp\/v2\/media\/239627"}],"wp:attachment":[{"href":"https:\/\/ami.mr\/fr\/wp-json\/wp\/v2\/media?parent=239645"}],"wp:term":[{"taxonomy":"category","embeddable":true,"href":"https:\/\/ami.mr\/fr\/wp-json\/wp\/v2\/categories?post=239645"},{"taxonomy":"post_tag","embeddable":true,"href":"https:\/\/ami.mr\/fr\/wp-json\/wp\/v2\/tags?post=239645"}],"curies":[{"name":"wp","href":"https:\/\/api.w.org\/{rel}","templated":true}]}}