{"id":239511,"date":"2024-02-06T18:15:18","date_gmt":"2024-02-06T18:15:18","guid":{"rendered":"https:\/\/ami.mr\/fr\/?p=239511"},"modified":"2024-02-06T18:15:18","modified_gmt":"2024-02-06T18:15:18","slug":"reunion-du-comite-de-pilotage-du-projet-dacces-a-leau-et-a-lassainissement-a-nouakchott","status":"publish","type":"post","link":"https:\/\/ami.mr\/fr\/archives\/239511","title":{"rendered":"R\u00e9union du Comit\u00e9 de Pilotage du \u00ab Projet d\u2019Acc\u00e8s \u00e0 l\u2019Eau et \u00e0 l\u2019Assainissement \u00e0 Nouakchott"},"content":{"rendered":"<p>La pr\u00e9sidente de la R\u00e9gion de Nouakchott, Mme Fatimetou Mint Abdelmalek, a pr\u00e9sid\u00e9, mardi, dans son bureau au si\u00e8ge de la R\u00e9gion, la r\u00e9union du Comit\u00e9 International de supervision du \u00ab Projet d\u2019Acc\u00e8s \u00e0 l\u2019Eau et \u00e0 l\u2019Assainissement en milieu urbain \u00bb, mis en \u0153uvre par la r\u00e9gion de Nouakchott avec ses partenaires internationaux.<\/p>\n<p>Au cours de la r\u00e9union, un expos\u00e9 d\u00e9taill\u00e9 a \u00e9t\u00e9 fait sur les phases pr\u00e9c\u00e9dentes du projet, et le niveau d\u2019avancement des travaux de sa troisi\u00e8me phase, qui est actuellement en cours de mise en \u0153uvre dans la moughataa de Toujounine. Cette phase permettra \u00e0 environ 10 mille familles de b\u00e9n\u00e9ficier gratuitement du raccordement direct au r\u00e9seau dont la longueur est de 141 km.<\/p>\n<p>Le comit\u00e9 de pilotage du projet a \u00e9galement \u00e9t\u00e9 inform\u00e9 des r\u00e9alisations de ce dernier, afin de lui permettre d\u2019\u00e9valuer la n\u00e9cessit\u00e9 d\u2019\u00e9tendre le projet pour englober le plus grand nombre possible de b\u00e9n\u00e9ficiaires. Les membres du Comit\u00e9 ont exprim\u00e9 leur satisfaction pour le travail accompli par cet important projet et leur disponibilit\u00e9 \u00e0 accompagner ses prochaines \u00e9tapes afin que les objectifs qui lui sont fix\u00e9s soient atteints.<\/p>\n<p>La r\u00e9union s\u2019est d\u00e9roul\u00e9e en pr\u00e9sence de l\u2019ambassadeur suisse, accr\u00e9dit\u00e9 dans notre pays, et d\u2019un repr\u00e9sentant de l\u2019ambassade de France \u00e0 Nouakchott.<\/p>\n","protected":false},"excerpt":{"rendered":"<p>La pr\u00e9sidente de la R\u00e9gion de Nouakchott, Mme Fatimetou Mint Abdelmalek, a pr\u00e9sid\u00e9, mardi, dans son bureau au si\u00e8ge de la R\u00e9gion, la r\u00e9union du Comit\u00e9 International de supervision du \u00ab Projet d\u2019Acc\u00e8s \u00e0 l\u2019Eau et \u00e0 l\u2019Assainissement en milieu urbain \u00bb, mis en \u0153uvre par la r\u00e9gion de Nouakchott avec ses partenaires internationaux. Au [&hellip;]<\/p>\n","protected":false},"author":5,"featured_media":239513,"comment_status":"open","ping_status":"open","sticky":false,"template":"","format":"standard","meta":{"footnotes":""},"categories":[63918,63957,63959,63927],"tags":[],"class_list":["post-239511","post","type-post","status-publish","format-standard","has-post-thumbnail","hentry","category-autres","category-fil-dactualite","category-mauritanie","category-slider-mauritanie"],"_links":{"self":[{"href":"https:\/\/ami.mr\/fr\/wp-json\/wp\/v2\/posts\/239511","targetHints":{"allow":["GET"]}}],"collection":[{"href":"https:\/\/ami.mr\/fr\/wp-json\/wp\/v2\/posts"}],"about":[{"href":"https:\/\/ami.mr\/fr\/wp-json\/wp\/v2\/types\/post"}],"author":[{"embeddable":true,"href":"https:\/\/ami.mr\/fr\/wp-json\/wp\/v2\/users\/5"}],"replies":[{"embeddable":true,"href":"https:\/\/ami.mr\/fr\/wp-json\/wp\/v2\/comments?post=239511"}],"version-history":[{"count":1,"href":"https:\/\/ami.mr\/fr\/wp-json\/wp\/v2\/posts\/239511\/revisions"}],"predecessor-version":[{"id":239514,"href":"https:\/\/ami.mr\/fr\/wp-json\/wp\/v2\/posts\/239511\/revisions\/239514"}],"wp:featuredmedia":[{"embeddable":true,"href":"https:\/\/ami.mr\/fr\/wp-json\/wp\/v2\/media\/239513"}],"wp:attachment":[{"href":"https:\/\/ami.mr\/fr\/wp-json\/wp\/v2\/media?parent=239511"}],"wp:term":[{"taxonomy":"category","embeddable":true,"href":"https:\/\/ami.mr\/fr\/wp-json\/wp\/v2\/categories?post=239511"},{"taxonomy":"post_tag","embeddable":true,"href":"https:\/\/ami.mr\/fr\/wp-json\/wp\/v2\/tags?post=239511"}],"curies":[{"name":"wp","href":"https:\/\/api.w.org\/{rel}","templated":true}]}}