{"id":239504,"date":"2024-02-06T16:54:21","date_gmt":"2024-02-06T16:54:21","guid":{"rendered":"https:\/\/ami.mr\/fr\/?p=239504"},"modified":"2024-02-07T13:34:37","modified_gmt":"2024-02-07T13:34:37","slug":"le-ministre-delegue-aupres-du-ministre-des-affaires-etrangeres-participe-a-une-conference-a-rabat","status":"publish","type":"post","link":"https:\/\/ami.mr\/fr\/archives\/239504","title":{"rendered":"Le ministre d\u00e9l\u00e9gu\u00e9 aupr\u00e8s du ministre des Affaires \u00e9trang\u00e8res participe \u00e0 une Conf\u00e9rence \u00e0 Rabat"},"content":{"rendered":"<p>Le ministre d\u00e9l\u00e9gu\u00e9 aupr\u00e8s du ministre des Affaires \u00e9trang\u00e8res, de la Coop\u00e9ration et des Mauritaniens de l\u2019Ext\u00e9rieur, charg\u00e9 des mauritaniens de l\u2019Ext\u00e9rieur, M. Mohamed Yahya Said, a particip\u00e9, mardi \u00e0 Rabat, \u00e0 la Conf\u00e9rence minist\u00e9rielle de haut niveau sur les pays \u00e0 revenu interm\u00e9diaire, organis\u00e9e par le Royaume du Maroc en coop\u00e9ration avec les Nations Unies.<\/p>\n<p>M. le ministre a prononc\u00e9 un dans lequel il a soulign\u00e9 l\u2019importance de la conf\u00e9rence, consid\u00e9rant qu\u2019il s\u2019agit d\u2019une occasion pour les pays \u00e0 revenu interm\u00e9diaire de discuter des voies et moyens susceptibles d\u2019optimiser le potentiel \u00e9conomique afin de les aider dans leurs efforts de d\u00e9veloppement, passant en revue les obstacles et d\u00e9fis auxquels ces pays sont confront\u00e9s et les moyens de les relever.<\/p>\n<p>Il a ajout\u00e9 que \u2018\u2019notre pays a mis en \u0153uvre une strat\u00e9gie de d\u00e9veloppement couvrant la p\u00e9riode 2016-2030 d\u00e9nomm\u00e9e \u2018\u2019strat\u00e9gie de croissance acc\u00e9l\u00e9r\u00e9e et de bien-\u00eatre partag\u00e9\u2019\u2019, visant \u00e0 r\u00e9aliser une croissance \u00e9conomique rapide, diversifi\u00e9e, inclusive et durable qui contribue \u00e0 r\u00e9duire la pauvret\u00e9 et les in\u00e9galit\u00e9s.<\/p>\n<p>Les points saillants de cette strat\u00e9gie comportent, entre autres, la promotion d\u2019une croissance forte, durable et inclusive, le d\u00e9veloppement du capital humain, l\u2019acc\u00e8s aux services de base, et le renforcement de la gouvernance dans toutes ses dimensions, soulignant l\u2019importance de l\u2019appui des partenaires internationaux et des bailleurs de fonds \u00e0 cette strat\u00e9gie.<\/p>\n<p>Le ministre d\u00e9l\u00e9gu\u00e9 \u00e9tait accompagn\u00e9 de SE M. Ahmed Ould Bahia, notre ambassadeur au Royaume du Maroc, M. Mokhtar Mbaba Zeidane, ambassadeur et directeur du secteur des Nations Unies et des Organisations Non Gouvernementales au minist\u00e8re des Affaires Etrang\u00e8res, de la Coop\u00e9ration et des Mauritaniens de l\u2019Ext\u00e9rieur, M. Moustapha Sidi Mohamed, conseiller \u00e9conomique au minist\u00e8re.de l\u2019Economie et du D\u00e9veloppement Durable, et de M. Cheikhna Cheikh Ahmed Baddad, directeur g\u00e9n\u00e9ral des strat\u00e9gies et politiques de d\u00e9veloppement au m\u00eame minist\u00e8re.<\/p>\n","protected":false},"excerpt":{"rendered":"<p>Le ministre d\u00e9l\u00e9gu\u00e9 aupr\u00e8s du ministre des Affaires \u00e9trang\u00e8res, de la Coop\u00e9ration et des Mauritaniens de l\u2019Ext\u00e9rieur, charg\u00e9 des mauritaniens de l\u2019Ext\u00e9rieur, M. Mohamed Yahya Said, a particip\u00e9, mardi \u00e0 Rabat, \u00e0 la Conf\u00e9rence minist\u00e9rielle de haut niveau sur les pays \u00e0 revenu interm\u00e9diaire, organis\u00e9e par le Royaume du Maroc en coop\u00e9ration avec les Nations [&hellip;]<\/p>\n","protected":false},"author":5,"featured_media":239533,"comment_status":"open","ping_status":"open","sticky":false,"template":"","format":"standard","meta":{"footnotes":""},"categories":[63920,63957,25,63926],"tags":[],"class_list":["post-239504","post","type-post","status-publish","format-standard","has-post-thumbnail","hentry","category-a-la-une","category-fil-dactualite","category-25","category-slider-general"],"_links":{"self":[{"href":"https:\/\/ami.mr\/fr\/wp-json\/wp\/v2\/posts\/239504","targetHints":{"allow":["GET"]}}],"collection":[{"href":"https:\/\/ami.mr\/fr\/wp-json\/wp\/v2\/posts"}],"about":[{"href":"https:\/\/ami.mr\/fr\/wp-json\/wp\/v2\/types\/post"}],"author":[{"embeddable":true,"href":"https:\/\/ami.mr\/fr\/wp-json\/wp\/v2\/users\/5"}],"replies":[{"embeddable":true,"href":"https:\/\/ami.mr\/fr\/wp-json\/wp\/v2\/comments?post=239504"}],"version-history":[{"count":1,"href":"https:\/\/ami.mr\/fr\/wp-json\/wp\/v2\/posts\/239504\/revisions"}],"predecessor-version":[{"id":239506,"href":"https:\/\/ami.mr\/fr\/wp-json\/wp\/v2\/posts\/239504\/revisions\/239506"}],"wp:featuredmedia":[{"embeddable":true,"href":"https:\/\/ami.mr\/fr\/wp-json\/wp\/v2\/media\/239533"}],"wp:attachment":[{"href":"https:\/\/ami.mr\/fr\/wp-json\/wp\/v2\/media?parent=239504"}],"wp:term":[{"taxonomy":"category","embeddable":true,"href":"https:\/\/ami.mr\/fr\/wp-json\/wp\/v2\/categories?post=239504"},{"taxonomy":"post_tag","embeddable":true,"href":"https:\/\/ami.mr\/fr\/wp-json\/wp\/v2\/tags?post=239504"}],"curies":[{"name":"wp","href":"https:\/\/api.w.org\/{rel}","templated":true}]}}