{"id":238875,"date":"2024-01-25T14:03:59","date_gmt":"2024-01-25T14:03:59","guid":{"rendered":"https:\/\/ami.mr\/fr\/?p=238875"},"modified":"2024-01-25T14:03:59","modified_gmt":"2024-01-25T14:03:59","slug":"lacademie-internationale-du-roi-selman-pour-la-langue-arabe-lance-un-programme-intensif-de-preparation-des-experts-khabir","status":"publish","type":"post","link":"https:\/\/ami.mr\/fr\/archives\/238875","title":{"rendered":"L\u2019Acad\u00e9mie internationale du Roi Selman pour la langue arabe lance un programme intensif de pr\u00e9paration des experts \u2018\u2019Khabir\u2019\u2019"},"content":{"rendered":"<div class=\"cell size-p10 padding20 no-padding-left no-padding-right no-padding-bottom\">L\u2019Acad\u00e9mie internationale du Roi Selman pour la langue arabe a lanc\u00e9 le programme intensif de pr\u00e9paration des experts (khabir), un programme intensif de formation linguistique destin\u00e9 aux sp\u00e9cialistes de la linguistique appliqu\u00e9e et de l\u2019enseignement de l\u2019arabe aux locuteurs non natifs.<\/div>\n<div class=\"cell auto-size\">\n<div class=\"set-border bd-gray padding10 margin10 no-margin-right no-margin-left \" dir=\"ltr\">\n<p>Le programme est lanc\u00e9 conform\u00e9ment \u00e0 certains contr\u00f4les et conditions d\u2019adh\u00e9sion, exigeant des participants de suivre une formation dans quatre domaines scientifiques li\u00e9s \u00e0 l\u2019enseignement de l\u2019arabe aux locuteurs non natifs par un groupe de sp\u00e9cialistes, \u00e0 partir du 28 janvier jusqu\u2019au 13 mars prochain.<\/p>\n<p>\u2018\u2019Khabir\u2019\u2019 vise \u00e0 former une communaut\u00e9 d\u2019experts dans l\u2019enseignement de l\u2019arabe aux locuteurs non natifs afin de d\u00e9velopper un mod\u00e8le performant dans l\u2019enseignement de l\u2019arabe, seconde langue, formant ainsi des professeurs et des sp\u00e9cialistes d\u2019expertise scientifique.<\/p>\n<p>L\u2019Acad\u00e9mie a fix\u00e9 3 semaines pour chacun des programmes de formation, \u00e0 condition que la troisi\u00e8me semaine soit consacr\u00e9e \u00e0 la pr\u00e9sentation d\u2019un projet appliqu\u00e9 par le biais d\u2019une plate-forme num\u00e9rique, et que les participants soient programm\u00e9s pour se former dans quatre domaines scientifiques, \u00e0 savoir : la conception de programmes d\u2019enseignement de la langue arabe \u00e0 des fins sp\u00e9ciales, la conception de programmes d\u2019enseignement de la langue arabe virtuellement, la construction de tests de langue et la construction de mat\u00e9riel didactique linguistique.<\/p>\n<p>Il est, \u00e9galement, pr\u00e9vu que l\u2019Acad\u00e9mie organise des programmes de formation dans certaines villes du Royaume d\u2019Arabie saoudite au profit de tous ceux qui le d\u00e9sirent, en s\u2019inscrivant via le lien : regForm ksaa.gov.sa.<\/p>\n<p>Parmi les conditions et contr\u00f4les que l\u2019Acad\u00e9mie a fix\u00e9s pour la participation au programme de formation:<\/p>\n<p>1- la disponibilit\u00e9 du candidat \u00e0 participer \u00e0 temps plein au programme,<\/p>\n<p>2- l\u2019engagement ferme \u00e0 assister, au moins, \u00e0 90% des heures pr\u00e9vues pour le programme de formation,<\/p>\n<p>3 \u2013 l&#8217;adh\u00e9sion au corps professoral sp\u00e9cialis\u00e9 dans l\u2019enseignement de l\u2019arabe \u00e0 ses apprenants ou \u00e0 des enseignants non natifs,<\/p>\n<p>4- une exp\u00e9rience d&#8217;au moins 3 ans dans ce domaine (pour les professeurs d\u2019universit\u00e9), ou une exp\u00e9rience de (5) ans ou plus (pour les professeurs de langue arabe),<\/p>\n<p>5 &#8211; la possession d&#8217;un certificat de fin du programme lors de la soumission d\u2019un projet appliqu\u00e9 \u00e0 la fin du programme de formation.<\/p>\n<p>Notons que l\u2019Acad\u00e9mie internationale du Roi Selman pour la langue arabe cherche, \u00e0 travers le programme (khabir), \u00e0 atteindre les objectifs du programme de d\u00e9veloppement des capacit\u00e9s humaines, l\u2019un des programmes de la vision saoudienne 2030, ainsi qu\u2019\u00e0 pr\u00e9server l\u2019int\u00e9grit\u00e9 de la langue arabe, \u00e0 la soutenir verbalement et par \u00e9crit, \u00e0 am\u00e9liorer son statut et \u00e0 faciliter son enseignement et son apprentissage.<\/p>\n<\/div>\n<\/div>\n","protected":false},"excerpt":{"rendered":"<p>L\u2019Acad\u00e9mie internationale du Roi Selman pour la langue arabe a lanc\u00e9 le programme intensif de pr\u00e9paration des experts (khabir), un programme intensif de formation linguistique destin\u00e9 aux sp\u00e9cialistes de la linguistique appliqu\u00e9e et de l\u2019enseignement de l\u2019arabe aux locuteurs non natifs. Le programme est lanc\u00e9 conform\u00e9ment \u00e0 certains contr\u00f4les et conditions d\u2019adh\u00e9sion, exigeant des participants [&hellip;]<\/p>\n","protected":false},"author":18,"featured_media":238877,"comment_status":"open","ping_status":"open","sticky":false,"template":"","format":"standard","meta":{"footnotes":""},"categories":[63918,63957,63924],"tags":[],"class_list":["post-238875","post","type-post","status-publish","format-standard","has-post-thumbnail","hentry","category-autres","category-fil-dactualite","category-slider-culture"],"_links":{"self":[{"href":"https:\/\/ami.mr\/fr\/wp-json\/wp\/v2\/posts\/238875","targetHints":{"allow":["GET"]}}],"collection":[{"href":"https:\/\/ami.mr\/fr\/wp-json\/wp\/v2\/posts"}],"about":[{"href":"https:\/\/ami.mr\/fr\/wp-json\/wp\/v2\/types\/post"}],"author":[{"embeddable":true,"href":"https:\/\/ami.mr\/fr\/wp-json\/wp\/v2\/users\/18"}],"replies":[{"embeddable":true,"href":"https:\/\/ami.mr\/fr\/wp-json\/wp\/v2\/comments?post=238875"}],"version-history":[{"count":1,"href":"https:\/\/ami.mr\/fr\/wp-json\/wp\/v2\/posts\/238875\/revisions"}],"predecessor-version":[{"id":238878,"href":"https:\/\/ami.mr\/fr\/wp-json\/wp\/v2\/posts\/238875\/revisions\/238878"}],"wp:featuredmedia":[{"embeddable":true,"href":"https:\/\/ami.mr\/fr\/wp-json\/wp\/v2\/media\/238877"}],"wp:attachment":[{"href":"https:\/\/ami.mr\/fr\/wp-json\/wp\/v2\/media?parent=238875"}],"wp:term":[{"taxonomy":"category","embeddable":true,"href":"https:\/\/ami.mr\/fr\/wp-json\/wp\/v2\/categories?post=238875"},{"taxonomy":"post_tag","embeddable":true,"href":"https:\/\/ami.mr\/fr\/wp-json\/wp\/v2\/tags?post=238875"}],"curies":[{"name":"wp","href":"https:\/\/api.w.org\/{rel}","templated":true}]}}