{"id":238871,"date":"2024-01-25T13:33:15","date_gmt":"2024-01-25T13:33:15","guid":{"rendered":"https:\/\/ami.mr\/fr\/?p=238871"},"modified":"2024-01-25T13:33:15","modified_gmt":"2024-01-25T13:33:15","slug":"notre-pays-commemore-la-journee-internationale-du-sport-feminin","status":"publish","type":"post","link":"https:\/\/ami.mr\/fr\/archives\/238871","title":{"rendered":"Notre pays comm\u00e9more la Journ\u00e9e internationale du sport f\u00e9minin"},"content":{"rendered":"<p>La d\u00e9l\u00e9gation nationale des sports de la conf\u00e9rence des ministres de la jeunesse et des sports des pays francophones \u2018\u2019CONFEJES\u2019\u2019, en coop\u00e9ration avec la promotion du sport f\u00e9minin \u00e0 l\u2019Institut Sup\u00e9rieur de la Jeunesse et des Sports, a organis\u00e9, mercredi \u00e0 Nouakchott, une c\u00e9r\u00e9monie \u00e0 l\u2019occasion de la comm\u00e9moration de la Journ\u00e9e Internationale du Sport F\u00e9minin, sous le th\u00e8me : \u2018\u2019ensemble pour promouvoir le sport f\u00e9minin\u2019\u2019.<\/p>\n<p>Cette journ\u00e9e internationale du sport f\u00e9minin a pour but d\u2019encourager les jeunes filles \u00e0 faire du sport, en lan\u00e7ant de nombreuses activit\u00e9s sportives co\u00efncidant avec la c\u00e9l\u00e9bration de cette journ\u00e9e.<\/p>\n<p>Dans une allocution prononc\u00e9e \u00e0 cette occasion, le directeur de la jeunesse au minist\u00e8re de la Culture, de la Jeunesse, des Sports et des Relations avec le Parlement, en sa qualit\u00e9 de repr\u00e9sentant national de la Conf\u00e9rence des ministres de la Jeunesse et de Sports des pays francophones, M. Mohamed Said Mohamed, a exhort\u00e9 les femmes \u00e0 pratiquer le sport.<\/p>\n<p>Il a indiqu\u00e9 que le sport peut \u00eatre exerc\u00e9 d\u2019une mani\u00e8re qui respect l\u2019\u00e9thique et la religion de la soci\u00e9t\u00e9 afin de pr\u00e9server la sant\u00e9, soulignant que le secteur de la jeunesse et des sports assurera les conditions appropri\u00e9es \u00e0 la pratique du sport f\u00e9minin.<\/p>\n<p>De son c\u00f4t\u00e9, la d\u00e9l\u00e9gu\u00e9e r\u00e9gionale \u00e0 la culture et \u00e0 la jeunesse, aux sports et aux relations avec le Parlement de Nouakchott-Ouest, Fatimetou K. Sy, a remerci\u00e9 les organisateurs de cet \u00e9v\u00e9nement qui se soucie des femmes et de leur sant\u00e9 et contribue au rejet de la haine, de la violence et de l\u2019extr\u00e9misme.<\/p>\n<p>Pour sa part, la d\u00e9l\u00e9gu\u00e9e nationale aux sports f\u00e9minins \u00e0 la Conf\u00e9rence des ministres de la Jeunesse et des Sports des pays francophones, Camara Gueye, a affirm\u00e9 que le minist\u00e8re de la Culture, de la Jeunesse et des Sports a mis en place tous les moyens n\u00e9cessaires pour c\u00e9l\u00e9brer cette journ\u00e9e, marqu\u00e9e par la participation de toutes les f\u00e9d\u00e9rations sportives mauritaniennes, y compris les associations sportives f\u00e9minines.<\/p>\n<p>Elle a, \u00e9galement, remerci\u00e9 le Comit\u00e9 olympique d\u2019avoir contribu\u00e9 au succ\u00e8s de cette c\u00e9r\u00e9monie.<\/p>\n<p>La c\u00e9r\u00e9monie a d\u00e9marr\u00e9 en pr\u00e9sence du vice-pr\u00e9sident de la F\u00e9d\u00e9ration nationale de football, au c\u00f4t\u00e9 de plusieurs personnalit\u00e9s int\u00e9ress\u00e9es par le sport.<\/p>\n","protected":false},"excerpt":{"rendered":"<p>La d\u00e9l\u00e9gation nationale des sports de la conf\u00e9rence des ministres de la jeunesse et des sports des pays francophones \u2018\u2019CONFEJES\u2019\u2019, en coop\u00e9ration avec la promotion du sport f\u00e9minin \u00e0 l\u2019Institut Sup\u00e9rieur de la Jeunesse et des Sports, a organis\u00e9, mercredi \u00e0 Nouakchott, une c\u00e9r\u00e9monie \u00e0 l\u2019occasion de la comm\u00e9moration de la Journ\u00e9e Internationale du Sport [&hellip;]<\/p>\n","protected":false},"author":10,"featured_media":238872,"comment_status":"open","ping_status":"open","sticky":false,"template":"","format":"standard","meta":{"footnotes":""},"categories":[63918,63957,32],"tags":[],"class_list":["post-238871","post","type-post","status-publish","format-standard","has-post-thumbnail","hentry","category-autres","category-fil-dactualite","category-32"],"_links":{"self":[{"href":"https:\/\/ami.mr\/fr\/wp-json\/wp\/v2\/posts\/238871","targetHints":{"allow":["GET"]}}],"collection":[{"href":"https:\/\/ami.mr\/fr\/wp-json\/wp\/v2\/posts"}],"about":[{"href":"https:\/\/ami.mr\/fr\/wp-json\/wp\/v2\/types\/post"}],"author":[{"embeddable":true,"href":"https:\/\/ami.mr\/fr\/wp-json\/wp\/v2\/users\/10"}],"replies":[{"embeddable":true,"href":"https:\/\/ami.mr\/fr\/wp-json\/wp\/v2\/comments?post=238871"}],"version-history":[{"count":1,"href":"https:\/\/ami.mr\/fr\/wp-json\/wp\/v2\/posts\/238871\/revisions"}],"predecessor-version":[{"id":238873,"href":"https:\/\/ami.mr\/fr\/wp-json\/wp\/v2\/posts\/238871\/revisions\/238873"}],"wp:featuredmedia":[{"embeddable":true,"href":"https:\/\/ami.mr\/fr\/wp-json\/wp\/v2\/media\/238872"}],"wp:attachment":[{"href":"https:\/\/ami.mr\/fr\/wp-json\/wp\/v2\/media?parent=238871"}],"wp:term":[{"taxonomy":"category","embeddable":true,"href":"https:\/\/ami.mr\/fr\/wp-json\/wp\/v2\/categories?post=238871"},{"taxonomy":"post_tag","embeddable":true,"href":"https:\/\/ami.mr\/fr\/wp-json\/wp\/v2\/tags?post=238871"}],"curies":[{"name":"wp","href":"https:\/\/api.w.org\/{rel}","templated":true}]}}