{"id":238565,"date":"2024-01-21T20:05:29","date_gmt":"2024-01-21T20:05:29","guid":{"rendered":"https:\/\/ami.mr\/fr\/?p=238565"},"modified":"2024-01-22T18:34:22","modified_gmt":"2024-01-22T18:34:22","slug":"lancement-des-travaux-dexploitation-de-la-mine-de-phosphate-et-pose-de-la-premiere-pierre-de-son-usine-de-traitement","status":"publish","type":"post","link":"https:\/\/ami.mr\/fr\/archives\/238565","title":{"rendered":"Brakna : D\u00e9marrage de l\u2019exploitation d\u2019une mine de traitement du phosphate dans la moughataa de Babab\u00e9"},"content":{"rendered":"<div class=\"cell auto-size\">\n<div class=\"set-border bd-gray padding10 margin10 no-margin-right no-margin-left \" dir=\"ltr\">\n<p>Le secr\u00e9taire g\u00e9n\u00e9ral du Minist\u00e8re du P\u00e9trole, des Mines et de l\u2019Energie, M. Ahmed Salem Ould Bouhedda a supervis\u00e9, dimanche 21 janvier 2024, dans la commune d\u2019El-Veraa relevant de la <img decoding=\"async\" class=\"size-medium wp-image-238568 alignleft\" src=\"https:\/\/ami.mr\/fr\/wp-content\/uploads\/2024\/01\/IMG-20240121-WA0044-300x169.jpg\" alt=\"\" width=\"300\" height=\"169\" srcset=\"https:\/\/ami.mr\/fr\/wp-content\/uploads\/2024\/01\/IMG-20240121-WA0044-300x169.jpg 300w, https:\/\/ami.mr\/fr\/wp-content\/uploads\/2024\/01\/IMG-20240121-WA0044-1024x576.jpg 1024w, https:\/\/ami.mr\/fr\/wp-content\/uploads\/2024\/01\/IMG-20240121-WA0044-768x432.jpg 768w, https:\/\/ami.mr\/fr\/wp-content\/uploads\/2024\/01\/IMG-20240121-WA0044-1536x864.jpg 1536w, https:\/\/ami.mr\/fr\/wp-content\/uploads\/2024\/01\/IMG-20240121-WA0044.jpg 1600w\" sizes=\"(max-width: 300px) 100vw, 300px\" \/>moughataa de Babab\u00e9 (wilaya du Brakna), la pose de la premi\u00e8re pierre d\u2019une usine de traitement du phosphate et le lancement des travaux d\u2019exploitation des mines de phosphate Boffal \u2013 Lebeira.<\/p>\n<p>Dans son discours \u00e0 cette occasion, le Secr\u00e9taire g\u00e9n\u00e9ral a d\u00e9clar\u00e9 que ce projet \u00e9conomique prometteur contribuera de mani\u00e8re significative au d\u00e9veloppement de l&#8217;\u00e9conomie nationale en cr\u00e9ant de nouvelles opportunit\u00e9s d&#8217;emploi et en assurant des revenus au pays, soulignant \u00e0 cet \u00e9gard le pourcentage important d\u00e9tenu par l&#8217;Etat mauritanien dans le projet, qui s&#8217;\u00e9l\u00e8ve \u00e0 20%.<\/p>\n<p>Concernant la capacit\u00e9 de production, le secr\u00e9taire g\u00e9n\u00e9ral a expliqu\u00e9 que ce projet permettra, selon les pr\u00e9visions, la production d&#8217;un million de tonnes de phosphate concentr\u00e9 par an.<\/p>\n<p>Pour sa part, l&#8217;administrateur directeur g\u00e9n\u00e9ral (ADG) de la Soci\u00e9t\u00e9 Mauritano-Saoudienne des Phosphates, M. Abdellahi Ould Cheikh Ahmed Baba, a pr\u00e9cis\u00e9 que la c\u00e9r\u00e9monie de lancement du d\u00e9veloppement du projet vient couronner l&#8217;ach\u00e8vement du processus d&#8217;\u00e9valuation, des \u00e9tudes de faisabilit\u00e9 et de la classification des r\u00e9serves conform\u00e9ment aux meilleurs standards internationalement reconnus.<\/p>\n<p>A cet effet, il a ajout\u00e9 que les \u00e9tudes ont \u00e9t\u00e9 r\u00e9alis\u00e9es selon la norme canadienne 43-101 et que les r\u00e9serves ont \u00e9t\u00e9 class\u00e9es selon la norme \u00ab JORC \u00bb. Cette mine sera exploit\u00e9e en plusieurs phases, en commen\u00e7ant par une premi\u00e8re \u00e9tape, au cours de laquelle des \u00e9quipements seront acquis, des installations seront construites et les minerais qui seront utilis\u00e9s dans le processus de traitement pour obtenir du phosphate concentr\u00e9 seront rendues pr\u00eats.<\/p>\n<p>Selon les estimations, la mine Boffal regorge de r\u00e9serves de plus de 166 millions de tonnes de phosphate brut, qui peuvent \u00eatre revue \u00e0 la hausse selon l&#8217;\u00e9valuation, ce qui permet de garantir des ressources d&#8217;exploitation pour trois d\u00e9cennies.<\/p>\n<p>La c\u00e9r\u00e9monie s\u2019est d\u00e9roul\u00e9e en pr\u00e9sence du wali de Brakna, du hakem de de la moughataa de Babab\u00e9, du Maire de la commune d\u2019El-Veraa, des responsables s\u00e9curitaires et militaires de la wilaya, des conseillers et directeurs centraux au Minist\u00e8re du P\u00e9trole des Mines et de l\u2019Energie ainsi que des repr\u00e9sentants de l\u2019Agence Nationale de Recherches G\u00e9ologiques et du Patrimoine Minier (ANARPAM).<\/p>\n<\/div>\n<\/div>\n<p>&nbsp;<\/p>\n<p>&nbsp;<\/p>\n<p>&nbsp;<\/p>\n<p>&nbsp;<\/p>\n<p>&nbsp;<\/p>\n<p>&nbsp;<\/p>\n<p>&nbsp;<\/p>\n<p>&nbsp;<\/p>\n","protected":false},"excerpt":{"rendered":"<p>Le secr\u00e9taire g\u00e9n\u00e9ral du Minist\u00e8re du P\u00e9trole, des Mines et de l\u2019Energie, M. Ahmed Salem Ould Bouhedda a supervis\u00e9, dimanche 21 janvier 2024, dans la commune d\u2019El-Veraa relevant de la moughataa de Babab\u00e9 (wilaya du Brakna), la pose de la premi\u00e8re pierre d\u2019une usine de traitement du phosphate et le lancement des travaux d\u2019exploitation des [&hellip;]<\/p>\n","protected":false},"author":13,"featured_media":238567,"comment_status":"open","ping_status":"open","sticky":false,"template":"","format":"standard","meta":{"footnotes":""},"categories":[63918,63919,63957,63923,8672],"tags":[],"class_list":["post-238565","post","type-post","status-publish","format-standard","has-post-thumbnail","hentry","category-autres","category-choix-du-redacteur","category-fil-dactualite","category-slider-wilayas","category-8672"],"_links":{"self":[{"href":"https:\/\/ami.mr\/fr\/wp-json\/wp\/v2\/posts\/238565","targetHints":{"allow":["GET"]}}],"collection":[{"href":"https:\/\/ami.mr\/fr\/wp-json\/wp\/v2\/posts"}],"about":[{"href":"https:\/\/ami.mr\/fr\/wp-json\/wp\/v2\/types\/post"}],"author":[{"embeddable":true,"href":"https:\/\/ami.mr\/fr\/wp-json\/wp\/v2\/users\/13"}],"replies":[{"embeddable":true,"href":"https:\/\/ami.mr\/fr\/wp-json\/wp\/v2\/comments?post=238565"}],"version-history":[{"count":3,"href":"https:\/\/ami.mr\/fr\/wp-json\/wp\/v2\/posts\/238565\/revisions"}],"predecessor-version":[{"id":238644,"href":"https:\/\/ami.mr\/fr\/wp-json\/wp\/v2\/posts\/238565\/revisions\/238644"}],"wp:featuredmedia":[{"embeddable":true,"href":"https:\/\/ami.mr\/fr\/wp-json\/wp\/v2\/media\/238567"}],"wp:attachment":[{"href":"https:\/\/ami.mr\/fr\/wp-json\/wp\/v2\/media?parent=238565"}],"wp:term":[{"taxonomy":"category","embeddable":true,"href":"https:\/\/ami.mr\/fr\/wp-json\/wp\/v2\/categories?post=238565"},{"taxonomy":"post_tag","embeddable":true,"href":"https:\/\/ami.mr\/fr\/wp-json\/wp\/v2\/tags?post=238565"}],"curies":[{"name":"wp","href":"https:\/\/api.w.org\/{rel}","templated":true}]}}